{"id":365954,"date":"2026-08-31T07:19:09","date_gmt":"2026-08-31T07:19:09","guid":{"rendered":"https:\/\/www.europesays.com\/at\/365954\/"},"modified":"2026-08-31T07:19:09","modified_gmt":"2026-08-31T07:19:09","slug":"tag-der-offenen-tuer-events-tips-at","status":"publish","type":"post","link":"https:\/\/www.europesays.com\/at\/365954\/","title":{"rendered":"Tag der offenen T\u00fcr &#8211; Events tips.at"},"content":{"rendered":"<p>Das Kursstudio LIFRE l\u00e4dt Euch herzlich zum Tag der offenen T\u00fcr ein. Euch erwarten Trainings zum Schnuppern &amp; mitmachen, gesunde Snacks &amp; Getr\u00e4nke. Bring Deine Freunde und Verwandten mit, um uns und unseren Sportverein mitten in der Natur kennen zu lernen. Wir bieten ein ganzheitliches Angebot an Fitnesskursen f\u00fcr Geist &amp; K\u00f6rper. Wir unterst\u00fctzen uns gegenseitig, um motiviert und vor allem regelm\u00e4\u00dfig Spa\u00df in der Gruppe zu haben.<\/p>\n","protected":false},"excerpt":{"rendered":"Das Kursstudio LIFRE l\u00e4dt Euch herzlich zum Tag der offenen T\u00fcr ein. Euch erwarten Trainings zum Schnuppern &amp;&hellip;\n","protected":false},"author":2,"featured_media":365955,"comment_status":"","ping_status":"","sticky":false,"template":"","format":"standard","meta":{"footnotes":"","_share_on_mastodon":"0"},"categories":[30],"tags":[46,42,42968,92131,3543,92130,65305,92127,184,44,92126,92128,15371,92129],"class_list":["post-365954","post","type-post","status-publish","format-standard","has-post-thumbnail","category-linz","tag-at","tag-austria","tag-boxen","tag-dehnen","tag-fitness","tag-ganzkoerper","tag-hiit","tag-langhantel","tag-linz","tag-oesterreich","tag-rueckenfit","tag-trx","tag-yoga","tag-zirkeltraining"],"share_on_mastodon":{"url":"","error":""},"_links":{"self":[{"href":"https:\/\/www.europesays.com\/at\/wp-json\/wp\/v2\/posts\/365954","targetHints":{"allow":["GET"]}}],"collection":[{"href":"https:\/\/www.europesays.com\/at\/wp-json\/wp\/v2\/posts"}],"about":[{"href":"https:\/\/www.europesays.com\/at\/wp-json\/wp\/v2\/types\/post"}],"author":[{"embeddable":true,"href":"https:\/\/www.europesays.com\/at\/wp-json\/wp\/v2\/users\/2"}],"replies":[{"embeddable":true,"href":"https:\/\/www.europesays.com\/at\/wp-json\/wp\/v2\/comments?post=365954"}],"version-history":[{"count":0,"href":"https:\/\/www.europesays.com\/at\/wp-json\/wp\/v2\/posts\/365954\/revisions"}],"wp:featuredmedia":[{"embeddable":true,"href":"https:\/\/www.europesays.com\/at\/wp-json\/wp\/v2\/media\/365955"}],"wp:attachment":[{"href":"https:\/\/www.europesays.com\/at\/wp-json\/wp\/v2\/media?parent=365954"}],"wp:term":[{"taxonomy":"category","embeddable":true,"href":"https:\/\/www.europesays.com\/at\/wp-json\/wp\/v2\/categories?post=365954"},{"taxonomy":"post_tag","embeddable":true,"href":"https:\/\/www.europesays.com\/at\/wp-json\/wp\/v2\/tags?post=365954"}],"curies":[{"name":"wp","href":"https:\/\/api.w.org\/{rel}","templated":true}]}}