{"id":366008,"date":"2026-08-31T07:53:13","date_gmt":"2026-08-31T07:53:13","guid":{"rendered":"https:\/\/www.europesays.com\/at\/366008\/"},"modified":"2026-08-31T07:53:13","modified_gmt":"2026-08-31T07:53:13","slug":"tiergarten-wels-wird-umfassend-umgebaut-neue-gehege-mehr-erlebnis-und-naturraum","status":"publish","type":"post","link":"https:\/\/www.europesays.com\/at\/366008\/","title":{"rendered":"Tiergarten Wels wird umfassend umgebaut: Neue Gehege, mehr Erlebnis und Naturraum"},"content":{"rendered":"<p class=\"text-justify\">Im Welser Tiergarten (Stadtpark 1) wird derzeit kr\u00e4ftig gebaut und gestaltet: Zahlreiche Gehege, Volieren und Au\u00dfenanlagen werden bis zur Er\u00f6ffnung der Landesgartenschau \u201eStadt der G\u00e4rten\u201c 2027 erneuert, erweitert oder v\u00f6llig neu errichtet. Die Bauarbeiten laufen Schritt f\u00fcr Schritt und werden beim Gehegeausbau voraussichtlich bis M\u00e4rz 2027 abgeschlossen. Zu den Gesamtinvestitionen von rund 1,6 Mio. Euro\u00a0steuert der Verein Freunde des Welser Tiergartens 100.000 Euro bei, den Rest finanziert die Stadt selbst.<\/p>\n<p class=\"text-justify\">Bereits fertig sind unter anderem die neuen Ausweichquartiere im Wirtschaftshof. Auch der Abbruch der Quarant\u00e4nestation, der Aragarage und des bisherigen Haustierbereichs ist erfolgt. Weitere Abbrucharbeiten, etwa bei der Buffetvoliere sowie bei verschiedenen Z\u00e4unen, laufen derzeit.<\/p>\n<p class=\"text-justify\">Ein besonderer Schwerpunkt liegt auf der Neugestaltung des Haustierbereichs. Dort entstehen im n\u00f6rdlichen Teil des Areals (Eingang Maria-Theresia-Stra\u00dfe bis Tiergartenbr\u00fccke \u00fcber den M\u00fchlbach) auf rund 1.400 Quadratmetern neue St\u00e4lle f\u00fcr Kaninchen, Zackelschafe, Quessantschafe, Tauernschecken und Kune-Kune-Schweine. Erg\u00e4nzt wird die Anlage durch neue Koppelfl\u00e4chen und Au\u00dfenbereiche mit Wildobst, moderne Z\u00e4une mit Futterautomaten sowie eine neue Begegnungszone f\u00fcr Besucher. Ein Kletterturm f\u00fcr Kinder und ein Trinkbrunnen machen den Bereich k\u00fcnftig noch attraktiver f\u00fcr Familien.<\/p>\n<p class=\"text-justify\">Auch die Aragarage erh\u00e4lt ein v\u00f6llig neues Gesicht: Bis Ende Oktober entsteht ein modernes Massivgeb\u00e4ude mit Schaufenster sowie eine neue Au\u00dfenanlage f\u00fcr die Papageien. Ebenfalls neu gestaltet wird die Buffetvoliere. Dort entstehen ein neues Geb\u00e4ude mit Schaufenster und Au\u00dfenanlagen f\u00fcr Toko, Racken und Zwergmangusten.<\/p>\n<p class=\"text-justify\">Mit der neuen Kuhreihervoliere entsteht ab Herbst ein besonderes Highlight. Die Anlage wird unter anderem mit einem Holzsteg, einem Wasserlauf und einer Besucherschleuse ausgestattet. Herzst\u00fcck ist eine begehbare Flugvoliere, die neue Einblicke in die Welt der V\u00f6gel erm\u00f6glicht.<\/p>\n<p class=\"text-justify\">Auch f\u00fcr die Eidechsen wird eine neue Anlage errichtet. Drei Eidechsen-Becken mit Schaufenstern sowie ein barrierefrei zug\u00e4nglicher Pavillon als \u201egr\u00fcnes Klassenzimmer\u201c sind vorgesehen. Damit wird nicht nur die Tierbeobachtung verbessert, sondern auch ein neuer Ort f\u00fcr Umweltbildung geschaffen.<\/p>\n<p class=\"text-justify\">Dar\u00fcber hinaus wird der bestehende Baumkronenweg beim Affenhaus saniert. Beim neuen Katta-H\u00e4uschen entsteht au\u00dferdem ein neuer Sumpfschildkr\u00f6tenteich im Au\u00dfenbereich.<br \/>\u00a0<\/p>\n<p>Mehr Natur, Spiel und Aufenthaltsqualit\u00e4t<\/p>\n<p class=\"text-justify\">Neben den Tieranlagen wird auch der Freiraumrund um die Gehege umfassend aufgewertet. Im Haustierbereich sind unter anderem wegbegleitende Spielelemente, Bl\u00fctenstauden, Blumenwiesen, Wildobstb\u00e4ume und -hecken, Sitzgelegenheiten sowie Holzliegedecks vorgesehen. Eine gro\u00dfe Festwiese mit Fr\u00fchjahrsbl\u00fchern soll k\u00fcnftig zus\u00e4tzlichen Raum zum Verweilen bieten. Auch rund um den Pelikanteich wird sich einiges ver\u00e4ndern. Bei der Sandbank beim Wasserrad entstehen Sandbeete, Blumenwiesen, Liegest\u00fchle und Holzliegedecks \u2013 ein kleiner \u201eChillout-Beach\u201c mitten im Tiergarten.<\/p>\n<p class=\"text-justify\">Weitere neue Aufenthalts- und Erlebnisbereiche sind beim Schachplatz und Wirtschaftshof, im M\u00e4rchenwald beim Herminenhof sowie vor der neuen Quarant\u00e4nestation geplant. S\u00fcdlich des Pelikanteichs entsteht mit der \u201eUnkensafari\u201c ein besonderer Naturraum mit Trittsteinplatten und Feuchtbiotopen. Rund um das Echsengehege und beim Eingang Messe sind ebenfalls umfangreiche Begr\u00fcnungsma\u00dfnahmen vorgesehen. Bl\u00fctenstauden, ein waldartiger Geh\u00f6lzsaum, barrierefreie Sitzgelegenheiten, Mikrohabitate und Street-Art sollen den Bereich besonders abwechslungsreich gestalten.<\/p>\n<p class=\"text-justify\">Nach Beendigung dieses Bauabschnittes im Norden sind f\u00fcr die weiteren Bauma\u00dfnahmen \u2013 die haupts\u00e4chlich im s\u00fcdlichen Bereich stattfinden werden \u2013 keine Totalsperren mehr n\u00f6tig. Allerdings kommt es entsprechend des Zeitplans rund um die jeweiligen Gehege zu zeitweiligen Absperrungen und Abweichungen von der regul\u00e4ren Routenf\u00fchrung.\u00a0<\/p>\n<p class=\"text-justify\">Bereits abgeschlossen ist die Neugestaltung des Messeparks. Nach der Anwuchsphase wird dieser Bereich mit Bl\u00fctenstauden und Sitzgelegenheiten einen attraktiven \u00dcbergang zwischen Tiergarten und Messegel\u00e4nde bilden. Besonders praktisch: Der dauerhafte Zugang vom Volksgarten bleibt auch w\u00e4hrend des Messebetriebs m\u00f6glich.<\/p>\n<p class=\"text-justify\">B\u00fcrgermeister Dr. Andreas Rabl: \u201eWir werden mit dieser Investition das kostenlose Familien-Ausflugsziel Nummer 1. Mit der Gesamtinvestition von 1,6 Mio. Euro entwickelt sich der Tiergarten Schritt f\u00fcr Schritt weiter. Die Kombination aus modernen Tieranlagen, mehr Gr\u00fcn sowie neuen Spiel- und Aufenthaltsm\u00f6glichkeiten soll den Tiergarten k\u00fcnftig noch st\u00e4rker zu einem Ort machen, an dem Natur, Tiere und Erholung miteinander verbunden werden \u2013 und das bei freiem Eintritt.\u201c<\/p>\n<p class=\"text-justify\">Stadtrat Thomas Rammerstorfer (Tiergarten): \u201eEs freut mich sehr, dass die gr\u00f6\u00dfte Erneuerung in der bald hundertj\u00e4hrigen Geschichte des Tiergartens z\u00fcgig vorangeht und der Tiergarten dabei auch \u2013 zumindest in weiten Teilen \u2013 ge\u00f6ffnet bleiben konnte und kann. Ein gro\u00dfes Dankesch\u00f6n gilt den Mitarbeiterinnen und Mitarbeitern, die die oft herausfordernde Situation professionell bew\u00e4ltigen und dem Tiergartenverein, der die Sache gro\u00dfz\u00fcgig finanziell unterst\u00fctzt hat. So wird der Herzensort vieler Welserinnen und Welser n\u00e4chsten Fr\u00fchling in ganz neuem Glanz erstrahlen und ein besonders wichtiger Teil der Landegartenschau sein\u201c.<\/p>\n<p class=\"text-justify\">Dipl.-Ing. Gottfried Struggl (GF O\u00d6 Landesgartenschau Wels 2027): \u201eHier wird richtig viel ver\u00e4ndert: neue Gehege, mehr Gr\u00fcn, neue Spiel- und Aufenthaltsbereiche und ganz neue Einblicke in die Tierwelt. Der Welser Tiergarten bekommt damit ein kr\u00e4ftiges Update und wird zu einem noch attraktiveren Treffpunkt f\u00fcr Familien und Naturfreunde. Und das Beste: Dieser neue Tiergarten bleibt den Welserinnen und Welsern auch nach der \u201aStadt der G\u00e4rten\u2018 erhalten.\u201c<\/p>\n<p>Bildhinweise: kontur ZT GmbH (Visualisierungen) beziehungsweise Stadt Wels (\u00fcbrige Fotos). Bei Nennung Abdruck jeweils honorarfrei.<\/p>\n","protected":false},"excerpt":{"rendered":"Im Welser Tiergarten (Stadtpark 1) wird derzeit kr\u00e4ftig gebaut und gestaltet: Zahlreiche Gehege, Volieren und Au\u00dfenanlagen werden bis&hellip;\n","protected":false},"author":2,"featured_media":366009,"comment_status":"","ping_status":"","sticky":false,"template":"","format":"standard","meta":{"footnotes":"","_share_on_mastodon":"0"},"categories":[6],"tags":[46,42,68048,92137,13212,44,43,45,13809,30067,6237,6068],"class_list":["post-366008","post","type-post","status-publish","format-standard","has-post-thumbnail","category-oesterreich","tag-at","tag-austria","tag-landesgartenschau","tag-lgs","tag-neugestaltung","tag-oesterreich","tag-republic-of-austria","tag-republik-oesterreich","tag-stadt","tag-tiergarten","tag-umbau","tag-wels"],"share_on_mastodon":{"url":"https:\/\/pubeurope.com\/@at\/117189044368799229","error":""},"_links":{"self":[{"href":"https:\/\/www.europesays.com\/at\/wp-json\/wp\/v2\/posts\/366008","targetHints":{"allow":["GET"]}}],"collection":[{"href":"https:\/\/www.europesays.com\/at\/wp-json\/wp\/v2\/posts"}],"about":[{"href":"https:\/\/www.europesays.com\/at\/wp-json\/wp\/v2\/types\/post"}],"author":[{"embeddable":true,"href":"https:\/\/www.europesays.com\/at\/wp-json\/wp\/v2\/users\/2"}],"replies":[{"embeddable":true,"href":"https:\/\/www.europesays.com\/at\/wp-json\/wp\/v2\/comments?post=366008"}],"version-history":[{"count":0,"href":"https:\/\/www.europesays.com\/at\/wp-json\/wp\/v2\/posts\/366008\/revisions"}],"wp:featuredmedia":[{"embeddable":true,"href":"https:\/\/www.europesays.com\/at\/wp-json\/wp\/v2\/media\/366009"}],"wp:attachment":[{"href":"https:\/\/www.europesays.com\/at\/wp-json\/wp\/v2\/media?parent=366008"}],"wp:term":[{"taxonomy":"category","embeddable":true,"href":"https:\/\/www.europesays.com\/at\/wp-json\/wp\/v2\/categories?post=366008"},{"taxonomy":"post_tag","embeddable":true,"href":"https:\/\/www.europesays.com\/at\/wp-json\/wp\/v2\/tags?post=366008"}],"curies":[{"name":"wp","href":"https:\/\/api.w.org\/{rel}","templated":true}]}}