{"id":366048,"date":"2026-08-31T08:18:10","date_gmt":"2026-08-31T08:18:10","guid":{"rendered":"https:\/\/www.europesays.com\/at\/366048\/"},"modified":"2026-08-31T08:18:10","modified_gmt":"2026-08-31T08:18:10","slug":"sturm-graz-die-krux-chancen-zu-kreieren","status":"publish","type":"post","link":"https:\/\/www.europesays.com\/at\/366048\/","title":{"rendered":"Sturm Graz: Die Krux, Chancen zu kreieren"},"content":{"rendered":"<p>Am Valentinstag (14. Februar) und damit vor mehr als sechs Monaten kassierte der <a href=\"https:\/\/www.laola1.at\/de\/daten\/news\/fussball\/sk-sturm-graz\/\" class=\"tag\" rel=\"nofollow noopener\" target=\"_blank\">SK Sturm Graz<\/a> die letzte Liga-Niederlage.<\/p>\n<p>Bei der 1:3-Pleite gegen den <a href=\"https:\/\/www.laola1.at\/de\/daten\/news\/fussball\/sk-rapid-wien\/\" class=\"tag\" rel=\"nofollow noopener\" target=\"_blank\">SK Rapid<\/a> in der f\u00fcnften Runde der ADMIRAL Bundesliga riss diese Serie von 17 Spielen in Folge nun.<\/p>\n<p>Die Ausw\u00e4rtsreise nach Wien-H\u00fctteldorf war, wie schon im Februar gegen die WSG, kein Tag der Liebe f\u00fcr die &#8222;Blackies&#8220;. <a target=\"_blank\" rel=\"noopener noreferrer nofollow\" href=\"https:\/\/www.laola1.at\/de\/red\/fussball\/bundesliga\/27\/5\/sieg-gegen-sturm--rapid-bleibt-in-der-liga-weiter-makellos\/\">Zum Spielbericht &gt;&gt;&gt;<\/a><\/p>\n<p>Individuelle Fehler<\/p>\n<p>Zur Wahrheit geh\u00f6rt aber auch, dass Sturm in diesen 17 Spielen nur acht Mal als Sieger vom Platz ging. Neun Partien endeten Remis. Mit auch ein Grund, warum man in der vergangenen Saison am Ende dem <a href=\"https:\/\/www.laola1.at\/de\/daten\/news\/fussball\/lask\/\" class=\"tag\" rel=\"nofollow noopener\" target=\"_blank\">LASK<\/a> im Kampf um den Titel den Vortritt lassen musste.<\/p>\n<p>Gegen Rapid offenbarte der Vizemeister ungewohnte Schw\u00e4chen im Umschaltspiel und bestrafte sich selbst mit individuellen Fehlern. So geschehen beim 0:1 und 1:2, sowie der Roten Karte von Albert Vallci in der Nachspielzeit.<\/p>\n<p>Am Ende nutzten die H\u00fctteldorfer die Fehler der Steirer und gingen verdient als Sieger vom Platz. <a target=\"_blank\" rel=\"noopener noreferrer nofollow\" href=\"https:\/\/www.laola1.at\/de\/red\/fussball\/bundesliga\/news\/-sehr-bittere-niederlage---sturm-hadert-mit-den-eigenfehlern\/\">&#8222;Sehr bittere Niederlage&#8220; &#8211; Sturm hadert mit den Eigenfehlern &gt;&gt;&gt;<\/a><\/p>\n<p>Kaum Durchschlagskraft<\/p>\n<p>Nach dem fr\u00fchen R\u00fcckschlag in Minute sieben fand der SK Sturm noch zur\u00fcck in die Partie, zeigte wenige Minuten sp\u00e4ter eine Reaktion und glich durch Belmin Beganovic aus. Nach dem zweiten Gegentor zeigte man sich aber beeindruckt.<\/p>\n<p>In weiterer Folge fehlte \u00fcber weite Strecken die offensive Durchschlagskraft. 19 Abschl\u00fcsse sind zwar auf dem Papier ein guter Wert, davon waren jedoch nur f\u00fcnf innerhalb des Strafraums.<\/p>\n<p>Sturm fand gegen gut organisierte Rapidler selten die L\u00fccken in der Defensive und versuchte so, \u00fcber Distanzsch\u00fcsse zum Abschluss zu kommen.<\/p>\n<p>Rechtsverteidiger J\u00fcrgen Heil fand dazu klare Worte: &#8222;Unser Spiel muss mit Ball einfach besser werden. Wir tun uns schwer, Torchancen zu kreieren.&#8220;<\/p>\n<p>Es ist ein Muster, das sich auch schon durch gro\u00dfe Teile der letzten Saison zog. &#8222;Wir treffen einfach oft die falschen Entscheidungen. Es bereitet uns Kopfzerbrechen, wie leicht wir die B\u00e4lle verlieren. Unsere Gegentore fallen meist nach einem Muster&#8220;, so Heil<\/p>\n","protected":false},"excerpt":{"rendered":"Am Valentinstag (14. Februar) und damit vor mehr als sechs Monaten kassierte der SK Sturm Graz die letzte&hellip;\n","protected":false},"author":2,"featured_media":366049,"comment_status":"","ping_status":"","sticky":false,"template":"","format":"standard","meta":{"footnotes":"","_share_on_mastodon":"0"},"categories":[29],"tags":[1069,46,42,4241,43452,964,183,10798,7902,44,22519,969,1072],"class_list":["post-366048","post","type-post","status-publish","format-standard","has-post-thumbnail","category-graz","tag-admiral-bundesliga","tag-at","tag-austria","tag-fabio-ingolitsch","tag-florian-gabriel","tag-fussball","tag-graz","tag-juergen-heil","tag-laola1","tag-oesterreich","tag-paul-koller","tag-sk-rapid","tag-sk-sturm-graz"],"share_on_mastodon":{"url":"https:\/\/pubeurope.com\/@at\/117189142596601748","error":""},"_links":{"self":[{"href":"https:\/\/www.europesays.com\/at\/wp-json\/wp\/v2\/posts\/366048","targetHints":{"allow":["GET"]}}],"collection":[{"href":"https:\/\/www.europesays.com\/at\/wp-json\/wp\/v2\/posts"}],"about":[{"href":"https:\/\/www.europesays.com\/at\/wp-json\/wp\/v2\/types\/post"}],"author":[{"embeddable":true,"href":"https:\/\/www.europesays.com\/at\/wp-json\/wp\/v2\/users\/2"}],"replies":[{"embeddable":true,"href":"https:\/\/www.europesays.com\/at\/wp-json\/wp\/v2\/comments?post=366048"}],"version-history":[{"count":0,"href":"https:\/\/www.europesays.com\/at\/wp-json\/wp\/v2\/posts\/366048\/revisions"}],"wp:featuredmedia":[{"embeddable":true,"href":"https:\/\/www.europesays.com\/at\/wp-json\/wp\/v2\/media\/366049"}],"wp:attachment":[{"href":"https:\/\/www.europesays.com\/at\/wp-json\/wp\/v2\/media?parent=366048"}],"wp:term":[{"taxonomy":"category","embeddable":true,"href":"https:\/\/www.europesays.com\/at\/wp-json\/wp\/v2\/categories?post=366048"},{"taxonomy":"post_tag","embeddable":true,"href":"https:\/\/www.europesays.com\/at\/wp-json\/wp\/v2\/tags?post=366048"}],"curies":[{"name":"wp","href":"https:\/\/api.w.org\/{rel}","templated":true}]}}