{"id":366090,"date":"2026-08-31T08:44:30","date_gmt":"2026-08-31T08:44:30","guid":{"rendered":"https:\/\/www.europesays.com\/at\/366090\/"},"modified":"2026-08-31T08:44:30","modified_gmt":"2026-08-31T08:44:30","slug":"herbstausgabe-von-stadtkultur-in-baden-ab-2-september","status":"publish","type":"post","link":"https:\/\/www.europesays.com\/at\/366090\/","title":{"rendered":"Herbstausgabe von \u201eStadt:Kultur\u201c in Baden ab 2. September"},"content":{"rendered":"<p>St. P\u00f6lten (OTS) &#8211;\u00a0<\/p>\n<p>Vom 2. bis 11. September bespielt \u201eStadt:Kultur\u201c wieder die Sommerarena im Kurpark Baden und bietet an insgesamt sieben Abenden Konzerte und Kabarett in historischem Ambiente: Den Auftakt macht am 2. September ab 19.30 Uhr Andreas Vit\u00e1sek mit seinem Jubil\u00e4umsprogramm \u201eWie es mir gef\u00e4llt\u201c, in dem der Kabarettist durch sein Schaffen spaziert, Altbew\u00e4hrtes mit Neuem verbindet, improvisiert, Theaterszenen einstreut und bisher unver\u00f6ffentlichte Texte pr\u00e4sentiert.<\/p>\n<p>Am 3. September folgt ab 19.30 Uhr mit Wolfgang Ambros eine Austropop-Legende in reduzierter, intimer Atmosph\u00e4re. Einen au\u00dfergew\u00f6hnlichen Einblick in die Welt der Gerichtsmedizin bieten dann am 4. September ab 19.30 Uhr Florian Klenk und Christian Reiter mit \u201eEs wird a Leich\u2018 sein\u201c, einer Mischung aus Wissenschaft, echten F\u00e4llen und schwarzem Humor. Am 5. September verbinden zudem ab 19.30 Uhr Ursula Strauss und Ernst Molden in ihrem Programm \u201enochdvegl\u201c Musik und Poesie zu einem Abend voller Wiener Klangfarbe.<\/p>\n<p>Am 9. September stehen mit \u201ePink Floyd \u2013 The Wall\u201c (ab 18 Uhr) und \u201ePink Floyd \u2013 The Dark Side of the Moon\u201c (ab 21 Uhr) gleich zwei Musikproduktionen auf dem Programm, die bekannte Werke mit gro\u00dfem Orchester live auf die B\u00fchne bringen. Am 10. September entf\u00fchrt dann \u201eDie magische Musik von Harry Potter\u201c ab 19 Uhr in die Welt der beliebten Filmreihe, ehe der 11. September erneut ganz im Zeichen gro\u00dfer Filmmusik steht: Mit \u201eThe Music of Der K\u00f6nig der L\u00f6wen\u201c (ab 16.30 Uhr) und \u201eThe Music of Hans Zimmer &amp; Others\u201c (ab 20 Uhr) erwarten das Publikum zum Finale nochmals zwei cineastische Klangreisen mit gro\u00dfem Orchester und zahlreichen Solisten.<\/p>\n<p>N\u00e4here Informationen und Karten unter <a target=\"_blank\" rel=\"noopener noreferrer nofollow\" href=\"http:\/\/www.stadt-kultur.at\">www.stadt-kultur.at<\/a>.<\/p>\n<p _ngcontent-ng-c2115416006=\"\">Amt der Nieder\u00f6sterreichischen Landesregierung<br \/>Landesamtsdirektion\/\u00d6ffentlichkeitsarbeit<br \/>Mag. Rainer Hirschkorn<br \/>Telefon: 02742\/9005-12175<br \/>E-Mail: <a href=\"http:\/\/www.ots.at\/cdn-cgi\/l\/email-protection#22525047515147624c4d474e0c45540c4356\" rel=\"nofollow noopener\" target=\"_blank\">[email\u00a0protected]<\/a><\/p>\n<p _ngcontent-ng-c2115416006=\"\"> OTS-ORIGINALTEXT PRESSEAUSSENDUNG UNTER AUSSCHLIESSLICHER<br \/>\nINHALTLICHER VERANTWORTUNG DES AUSSENDERS &#8211; WWW.OTS.AT | NLK<\/p>\n","protected":false},"excerpt":{"rendered":"St. P\u00f6lten (OTS) &#8211;\u00a0 Vom 2. bis 11. September bespielt \u201eStadt:Kultur\u201c wieder die Sommerarena im Kurpark Baden und&hellip;\n","protected":false},"author":2,"featured_media":366091,"comment_status":"","ping_status":"","sticky":false,"template":"","format":"standard","meta":{"footnotes":"","_share_on_mastodon":"0"},"categories":[22],"tags":[26393,26395,46,42,20350,147,2140,778,7477,622,44,26394,92152,148],"class_list":["post-366090","post","type-post","status-publish","format-standard","has-post-thumbnail","category-unterhaltung","tag-apa","tag-apa-ots","tag-at","tag-austria","tag-baden","tag-entertainment","tag-kabarett","tag-konzerte","tag-kunst-kultur","tag-niederoesterreich","tag-oesterreich","tag-ots","tag-stadtkultur","tag-unterhaltung"],"share_on_mastodon":{"url":"https:\/\/pubeurope.com\/@at\/117189244889179046","error":""},"_links":{"self":[{"href":"https:\/\/www.europesays.com\/at\/wp-json\/wp\/v2\/posts\/366090","targetHints":{"allow":["GET"]}}],"collection":[{"href":"https:\/\/www.europesays.com\/at\/wp-json\/wp\/v2\/posts"}],"about":[{"href":"https:\/\/www.europesays.com\/at\/wp-json\/wp\/v2\/types\/post"}],"author":[{"embeddable":true,"href":"https:\/\/www.europesays.com\/at\/wp-json\/wp\/v2\/users\/2"}],"replies":[{"embeddable":true,"href":"https:\/\/www.europesays.com\/at\/wp-json\/wp\/v2\/comments?post=366090"}],"version-history":[{"count":0,"href":"https:\/\/www.europesays.com\/at\/wp-json\/wp\/v2\/posts\/366090\/revisions"}],"wp:featuredmedia":[{"embeddable":true,"href":"https:\/\/www.europesays.com\/at\/wp-json\/wp\/v2\/media\/366091"}],"wp:attachment":[{"href":"https:\/\/www.europesays.com\/at\/wp-json\/wp\/v2\/media?parent=366090"}],"wp:term":[{"taxonomy":"category","embeddable":true,"href":"https:\/\/www.europesays.com\/at\/wp-json\/wp\/v2\/categories?post=366090"},{"taxonomy":"post_tag","embeddable":true,"href":"https:\/\/www.europesays.com\/at\/wp-json\/wp\/v2\/tags?post=366090"}],"curies":[{"name":"wp","href":"https:\/\/api.w.org\/{rel}","templated":true}]}}