{"id":366246,"date":"2026-08-31T10:12:08","date_gmt":"2026-08-31T10:12:08","guid":{"rendered":"https:\/\/www.europesays.com\/at\/366246\/"},"modified":"2026-08-31T10:12:08","modified_gmt":"2026-08-31T10:12:08","slug":"25-jahre-cardiomed-linz-praevention-im-mittelpunkt","status":"publish","type":"post","link":"https:\/\/www.europesays.com\/at\/366246\/","title":{"rendered":"25 Jahre Cardiomed Linz: Pr\u00e4vention im Mittelpunkt"},"content":{"rendered":"<p> LINZ. Das Cardiomed Linz feiert 25 Jahre ambulante Rehabilitation. Das Zentrum setzt auf Bewegung, Ern\u00e4hrung, Stressmanagement und Gesundheitskompetenz. Am Freitag, 4. September, wird das Jubil\u00e4um mit einem Festakt in der Unteren Donaul\u00e4nde begangen. Der Eintritt ist frei. <\/p>\n<p class=\"isSelectedEnd\">Die Wurzeln von Cardiomed reichen bis 1998 zur\u00fcck. Damals wurde das heutige ambulante Rehabilitationszentrum unter dem Namen \u201eCentrum f\u00fcr Lebensstilmedizin\u201c gegr\u00fcndet. Patienten nahmen zun\u00e4chst auf eigene Kosten an acht- bis 16-w\u00f6chigen Trainingskursen teil.<\/p>\n<p class=\"isSelectedEnd\">Ziel war es, durch \u00c4nderungen des Lebensstils Bluthochdruck, \u00dcbergewicht oder bestehende Herzerkrankungen positiv zu beeinflussen. Die Ergebnisse wurden auch in der Fachliteratur ver\u00f6ffentlicht. Daraus entwickelte sich das Konzept einer einj\u00e4hrigen ambulanten kardiologischen Rehabilitation.<\/p>\n<p class=\"isSelectedEnd\">2001 wurden erstmals Patienten zugewiesen, deren Behandlung die Pensionsversicherung freiwillig \u00fcbernahm. Mehr als 12.000 Menschen wurden laut Cardiomed mittlerweile im Rahmen eines Rehabilitationsprogramms behandelt. Ab 2007 genehmigten und bezahlten alle Kassen die ambulante kardiologische Rehabilitation.<\/p>\n<p>Bewegung statt k\u00f6rperlicher Schonung<\/p>\n<p class=\"isSelectedEnd\">Auch die Medizin hat sich ver\u00e4ndert. W\u00e4hrend fr\u00fcher bei Erkrankungen oft k\u00f6rperliche Schonung empfohlen wurde, stehen heute Aktivit\u00e4t und fr\u00fche Mobilisierung st\u00e4rker im Mittelpunkt. Das gilt laut Cardiomed mittlerweile auch in der Onkologie.<\/p>\n<p class=\"isSelectedEnd\">Ambulante Behandlungen sollen wohnortnah stattfinden und Beruf sowie Familie einbeziehen. Ziel ist es, einen ges\u00fcnderen Lebensstil dauerhaft in den Alltag zu integrieren.<\/p>\n<p class=\"isSelectedEnd\">Die Weltgesundheitsorganisation empfiehlt mindestens 150 Minuten k\u00f6rperliche Aktivit\u00e4t mit moderater Intensit\u00e4t pro Woche. Erg\u00e4nzend werden Kraft- und Balancetraining empfohlen. Laut den vorliegenden Angaben erreicht ein gro\u00dfer Teil der Bev\u00f6lkerung dieses Ziel nicht.<\/p>\n<p>Lebensstilmedizin setzt auf Pr\u00e4vention<\/p>\n<p class=\"isSelectedEnd\">Lebensstilmedizin besch\u00e4ftigt sich unter anderem mit der Vorbeugung von Herz-Kreislauf-Erkrankungen, Diabetes, \u00dcbergewicht und Fettstoffwechselst\u00f6rungen. Wichtige S\u00e4ulen sind Bewegung, Ern\u00e4hrung und Stressmanagement.<\/p>\n<p class=\"isSelectedEnd\">Sind Erkrankungen bereits aufgetreten, kann Rehabilitation dazu beitragen, eine weitere Verschlechterung oder ein neuerliches Ereignis zu verhindern. Cardiomed sieht daher Pr\u00e4vention und die St\u00e4rkung der Gesundheitskompetenz als wichtigen Teil einer langfristig finanzierbaren Medizin.<\/p>\n<p>Festakt zum Jubil\u00e4um in Linz<\/p>\n<p class=\"isSelectedEnd\">Am Freitag, 4. September, feiert Cardiomed das Jubil\u00e4um in den R\u00e4umlichkeiten in der Unteren Donaul\u00e4nde 21\u201325 in Linz. Beginn ist um 10.30 Uhr.<\/p>\n<p class=\"isSelectedEnd\">Um 11 Uhr steht die Er\u00f6ffnung auf dem Programm. Von 11.30 bis 12.30 Uhr folgt eine Podiumsdiskussion zum Thema \u201eAmbulante Rehabilitation heute und in Zukunft\u201c.<\/p>\n<p>Von 13 bis 16 Uhr gibt es Vortr\u00e4ge zu Ausdauer- und Krafttraining, Ern\u00e4hrung, TENS-Therapie, Schlaf und lebensrettenden Sofortma\u00dfnahmen. Parallel sind eine Industrieausstellung, Aktivstationen und ein Buffet geplant.<\/p>\n<p>Eine Anmeldung ist nicht erforderlich, aus organisatorischen Gr\u00fcnden wird aber darum gebeten: <a data-mce-href=\"https:\/\/www.reglist24.com\/25jahrecardiomed_2026\" rel=\"nofollow noopener\" target=\"_blank\" href=\"https:\/\/www.reglist24.com\/25jahrecardiomed_2026\">https:\/\/www.reglist24.com\/25jahrecardiomed_2026<\/a><\/p>\n","protected":false},"excerpt":{"rendered":"LINZ. Das Cardiomed Linz feiert 25 Jahre ambulante Rehabilitation. Das Zentrum setzt auf Bewegung, Ern\u00e4hrung, Stressmanagement und Gesundheitskompetenz.&hellip;\n","protected":false},"author":2,"featured_media":366247,"comment_status":"","ping_status":"","sticky":false,"template":"","format":"standard","meta":{"footnotes":"","_share_on_mastodon":"0"},"categories":[30],"tags":[63249,7552,6163,35578,46,42,12257,5988,1656,13191,92168,92167,71947,9225,54521,137,11290,3595,124,92170,4961,7415,6137,3477,184,125,92171,3259,44,25089,92169,35635,11627,109,2034,7551,11014,11017,9024,6245,464,3610,6972],"class_list":["post-366246","post","type-post","status-publish","format-standard","has-post-thumbnail","category-linz","tag-artikel","tag-arzt","tag-aerzte","tag-aerztekammer","tag-at","tag-austria","tag-beitrag","tag-bericht","tag-bewegung","tag-bezirk","tag-cardio","tag-cardiomed","tag-doktor","tag-dr","tag-eintritt","tag-ernaehrung","tag-feier","tag-fest","tag-gesundheit","tag-helmuth","tag-herz","tag-hilfe","tag-info","tag-jubilaeum","tag-linz","tag-medizin","tag-ocenasek","tag-online","tag-oesterreich","tag-patient","tag-physio","tag-rat","tag-september","tag-sport","tag-termin","tag-therapie","tag-tips","tag-umgebung","tag-untersuchung","tag-urfahr","tag-uu","tag-vortrag","tag-zeitung"],"share_on_mastodon":{"url":"https:\/\/pubeurope.com\/@at\/117189591745473266","error":""},"_links":{"self":[{"href":"https:\/\/www.europesays.com\/at\/wp-json\/wp\/v2\/posts\/366246","targetHints":{"allow":["GET"]}}],"collection":[{"href":"https:\/\/www.europesays.com\/at\/wp-json\/wp\/v2\/posts"}],"about":[{"href":"https:\/\/www.europesays.com\/at\/wp-json\/wp\/v2\/types\/post"}],"author":[{"embeddable":true,"href":"https:\/\/www.europesays.com\/at\/wp-json\/wp\/v2\/users\/2"}],"replies":[{"embeddable":true,"href":"https:\/\/www.europesays.com\/at\/wp-json\/wp\/v2\/comments?post=366246"}],"version-history":[{"count":0,"href":"https:\/\/www.europesays.com\/at\/wp-json\/wp\/v2\/posts\/366246\/revisions"}],"wp:featuredmedia":[{"embeddable":true,"href":"https:\/\/www.europesays.com\/at\/wp-json\/wp\/v2\/media\/366247"}],"wp:attachment":[{"href":"https:\/\/www.europesays.com\/at\/wp-json\/wp\/v2\/media?parent=366246"}],"wp:term":[{"taxonomy":"category","embeddable":true,"href":"https:\/\/www.europesays.com\/at\/wp-json\/wp\/v2\/categories?post=366246"},{"taxonomy":"post_tag","embeddable":true,"href":"https:\/\/www.europesays.com\/at\/wp-json\/wp\/v2\/tags?post=366246"}],"curies":[{"name":"wp","href":"https:\/\/api.w.org\/{rel}","templated":true}]}}