{"id":366322,"date":"2026-08-31T10:55:13","date_gmt":"2026-08-31T10:55:13","guid":{"rendered":"https:\/\/www.europesays.com\/at\/366322\/"},"modified":"2026-08-31T10:55:13","modified_gmt":"2026-08-31T10:55:13","slug":"dazn-sender-holt-valentina-maceri-als-nachfolgerin-von-laura-wontorra","status":"publish","type":"post","link":"https:\/\/www.europesays.com\/at\/366322\/","title":{"rendered":"DAZN: Sender holt Valentina Maceri als Nachfolgerin von Laura Wontorra"},"content":{"rendered":"<p>Nachfolgerin von Laura Wontorra <\/p>\n<p>DAZN verpflichtet neue Bundesliga-Moderatorin<\/p>\n<p>Aktualisiert am 31.08.2026 &#8211; 11:57 UhrLesedauer: 1 Min.<\/p>\n<p><a href=\"#focus-0\" class=\"transition-colors block text-current relative\" data-sctrack=\"FocusGalleryImage.Reference\"><img fetchpriority=\"high\" data-testid=\"Opener.Image\"   loading=\"eager\" src=\"https:\/\/www.europesays.com\/at\/wp-content\/uploads\/2026\/08\/fame-fighting-2-08-112024-valentina-maceri-beim-fame-fighting-2-im-maritim-hotel-bonn-bonn-maritim-h.jpeg\" alt=\"imago images 0778453156\" title=\"imago images 0778453156\" width=\"4279\" height=\"2408\" class=\"bg-[url:var(--lqipURL)] bg-cover bg-center flex h-full w-full max-w-full\" style=\"--lqipURL:url('https:\/\/images.t-online.de\/2026\/08\/s5vQvICaRfrP\/675x33:4279x2408\/fit-in\/150x0\/filters:blur(25)\/fame-fighting-2-08-112024-valentina-maceri-beim-fame-fighting-2-im-maritim-hotel-bonn-bonn-maritim-hotel-bonn-nordrhein-westfalen-fame-fighting-2-08-11-2024-valentina-maceri-at-fame-fighting-2-at-the-maritim-hotel-bonn-bonn-maritim-hotel-bonn-north-rhine-westphalia.jpg')\" decoding=\"async\"\/><img loading=\"lazy\" src=\"https:\/\/www.t-online.de\/s\/paper\/_next\/static\/media\/zoom-in.f7dae02f.svg\" alt=\"Vergr\u00f6\u00dfern des Bildes\" title=\"Vergr\u00f6\u00dfern des Bildes\" class=\"block h-[calc(var(--height)_\/_16_*_1rem)] w-[calc(var(--width)_\/_16_*_1rem)] max-w-none absolute right-8 bottom-8 rounded-4 bg-snow p-8\" style=\"--width:32;--height:32\" decoding=\"async\"\/><\/a><\/p>\n<p>Neu Moderatorin bei DAZN: Valentina Maceri. (Quelle: IMAGO\/imago)<\/p>\n<p><img loading=\"lazy\" src=\"https:\/\/www.t-online.de\/s\/paper\/_next\/static\/media\/audio-volume.6689034c.svg\" alt=\"\" title=\"\" class=\"block h-[calc(var(--height)_\/_16_*_1rem)] w-[calc(var(--width)_\/_16_*_1rem)] max-w-none group-hover:brightness-0 group-hover:invert\" style=\"--width:16;--height:16\" decoding=\"async\"\/>Vorlesen<\/p>\n<p>Aktuelle Zeit:0:00Gesamtdauer:0:00<\/p>\n<p>1x<img loading=\"lazy\" src=\"https:\/\/www.t-online.de\/s\/paper\/_next\/static\/media\/font-sizes.32942e33.svg\" alt=\"\" title=\"\" class=\"block h-[calc(var(--height)_\/_16_*_1rem)] w-[calc(var(--width)_\/_16_*_1rem)] max-w-none group-hover:hidden group-aria-expanded:hidden\" style=\"--width:16;--height:16\" decoding=\"async\"\/><img loading=\"lazy\" src=\"https:\/\/www.t-online.de\/s\/paper\/_next\/static\/media\/font-sizes-dark-mode.e382645c.svg\" alt=\"\" title=\"\" class=\"block h-[calc(var(--height)_\/_16_*_1rem)] w-[calc(var(--width)_\/_16_*_1rem)] max-w-none hidden group-hover:block group-aria-expanded:block\" style=\"--width:16;--height:16\" decoding=\"async\"\/><img loading=\"lazy\" src=\"https:\/\/www.t-online.de\/s\/paper\/_next\/static\/media\/sharing-menu-icon.1eb71368.svg\" alt=\"\" title=\"\" class=\"block h-[calc(var(--height)_\/_16_*_1rem)] w-[calc(var(--width)_\/_16_*_1rem)] max-w-none group-hover:brightness-0 group-hover:invert\" style=\"--width:16;--height:16\" decoding=\"async\"\/>Artikel teilen<\/p>\n<p class=\"font-bold text-18 leading-17 user-text-lg:text-22 user-text-xl:text-24\">DAZN hat eine Nachfolgerin f\u00fcr Laura Wontorra gefunden. Bereits am Wochenende steht f\u00fcr die neue Moderatorin ihr erster Einsatz an.<\/p>\n<p class=\"text-18 leading-17 user-text-lg:text-22 user-text-xl:text-24\">Streaminganbieter DAZN hat Valentina Maceri als neue Moderatorin f\u00fcr seine Fu\u00dfball-Berichterstattung verpflichtet. Das teilte der Pay-TV-Sender am Montag mit. Die 33-j\u00e4hrige Deutsch-Italienerin tritt die Nachfolge von <a href=\"https:\/\/www.t-online.de\/themen\/laura-wontorra\/\" class=\"transition-colors cursor-pointer no-underline md:hover:text-magenta md:focus:text-magenta border-b border-solid border-current text-salemsfur md:hover:border-magenta\" data-tracking=\"{&quot;action&quot;:&quot;click&quot;,&quot;category&quot;:&quot;intextLink&quot;,&quot;label&quot;:&quot;\/themen\/laura-wontorra\/&quot;}\" data-sctrack=\"BodyAnchor\" rel=\"nofollow noopener\" target=\"_blank\">Laura Wontorra<\/a> an, die DAZN j\u00fcngst verlassen hatte.<\/p>\n<p class=\"text-18 leading-17 user-text-lg:text-22 user-text-xl:text-24\">Marceri war zuvor unter anderem f\u00fcr Sport1 und &#8222;Bild&#8220; t\u00e4tig. Bei der <a href=\"https:\/\/www.t-online.de\/sport\/ergebnisse-tabelle\/fussball\/champions-league-m\/ergebnisse\/sdc_fmdo-5\/champions-league-m-aktueller-spieltag.html\" class=\"transition-colors cursor-pointer no-underline md:hover:text-magenta md:focus:text-magenta border-b border-solid border-current text-salemsfur md:hover:border-magenta\" data-tracking=\"{&quot;action&quot;:&quot;click&quot;,&quot;category&quot;:&quot;intextLink&quot;,&quot;label&quot;:&quot;\/sport\/ergebnisse-tabelle\/fussball\/champions-league-m\/ergebnisse\/sdc_fmdo-5\/champions-league-m-aktueller-spieltag.html&quot;}\" data-sctrack=\"BodyAnchor\" rel=\"nofollow noopener\" target=\"_blank\">Champions League<\/a> bleibt die aus N\u00fcrnberg stammende Journalistin weiterhin dem Schweizer Sender blue Sport erhalten \u2013 f\u00fcr DAZN steht sie dort nicht vor der Kamera.<\/p>\n<p><a href=\"#focus-1\" class=\"transition-colors block text-current relative\" data-sctrack=\"FocusGalleryImage.Reference\"><img   loading=\"lazy\" src=\"https:\/\/www.europesays.com\/at\/wp-content\/uploads\/2026\/08\/24-082026-xfsx-herren-fussball-saison-2026-2027-dfb-pokal-1-hauptrunde-fc-wuerzburger-kickers-1-fc-k.jpeg\" alt=\"imago images 1081963678\" title=\"imago images 1081963678\" width=\"3000\" height=\"1688\" class=\"h-full w-full max-w-full rounded-8\" decoding=\"async\"\/><img loading=\"lazy\" src=\"https:\/\/www.t-online.de\/s\/paper\/_next\/static\/media\/zoom-in.f7dae02f.svg\" alt=\"Vergr\u00f6\u00dfern des Bildes\" title=\"Vergr\u00f6\u00dfern des Bildes\" class=\"block h-[calc(var(--height)_\/_16_*_1rem)] w-[calc(var(--width)_\/_16_*_1rem)] max-w-none absolute right-8 bottom-8 rounded-4 bg-snow p-8\" style=\"--width:32;--height:32\" decoding=\"async\"\/>Nicht l\u00e4nger bei DAZN: Laura Wontorra. (Quelle: IMAGO\/Frank Scheuring\/imago)<\/a><\/p>\n<p class=\"text-18 leading-17 user-text-lg:text-22 user-text-xl:text-24\">&#8222;Ich kenne den Fu\u00dfball aus ganz unterschiedlichen Perspektiven&#8220;, sagte Marceri laut Mitteilung. &#8222;Vom Platz, aus der Redaktion und aus dem Studio. Genau diesen vielseitigen Blick m\u00f6chte ich in die Bundesliga-Berichterstattung bei DAZN einbringen.&#8220;<\/p>\n<p>Deb\u00fct bereits am Samstag<\/p>\n<p class=\"text-18 leading-17 user-text-lg:text-22 user-text-xl:text-24\">Ihr DAZN-Deb\u00fct gibt sie bereits am kommenden Samstag in der Bundesliga-Konferenz. Ab 14 Uhr meldet sie sich live aus Sinsheim, wo <a href=\"https:\/\/www.t-online.de\/themen\/borussia-dortmund\/\" class=\"transition-colors cursor-pointer no-underline md:hover:text-magenta md:focus:text-magenta border-b border-solid border-current text-salemsfur md:hover:border-magenta\" data-tracking=\"{&quot;action&quot;:&quot;click&quot;,&quot;category&quot;:&quot;intextLink&quot;,&quot;label&quot;:&quot;\/themen\/borussia-dortmund\/&quot;}\" data-sctrack=\"BodyAnchor\" rel=\"nofollow noopener\" target=\"_blank\">Borussia Dortmund<\/a> bei der <a href=\"https:\/\/www.t-online.de\/themen\/tsg-1899-hoffenheim\/\" class=\"transition-colors cursor-pointer no-underline md:hover:text-magenta md:focus:text-magenta border-b border-solid border-current text-salemsfur md:hover:border-magenta\" data-tracking=\"{&quot;action&quot;:&quot;click&quot;,&quot;category&quot;:&quot;intextLink&quot;,&quot;label&quot;:&quot;\/themen\/tsg-1899-hoffenheim\/&quot;}\" data-sctrack=\"BodyAnchor\" rel=\"nofollow noopener\" target=\"_blank\">TSG Hoffenheim<\/a> spielt. An Marceris Seite wird Ex-DFB-Kapit\u00e4n <a href=\"https:\/\/www.t-online.de\/themen\/michael-ballack\/\" class=\"transition-colors cursor-pointer no-underline md:hover:text-magenta md:focus:text-magenta border-b border-solid border-current text-salemsfur md:hover:border-magenta\" data-tracking=\"{&quot;action&quot;:&quot;click&quot;,&quot;category&quot;:&quot;intextLink&quot;,&quot;label&quot;:&quot;\/themen\/michael-ballack\/&quot;}\" data-sctrack=\"BodyAnchor\" rel=\"nofollow noopener\" target=\"_blank\">Michael Ballack<\/a> als TV-Experte im Einsatz sein.<\/p>\n<p class=\"text-18 leading-17 user-text-lg:text-22 user-text-xl:text-24\">Wontorra hatte vor wenigen Wochen ihren Vertrag bei DAZN aufgel\u00f6st. K\u00fcnftig soll sie vermehrt bei RTL arbeiten. Offiziell best\u00e4tigt haben das aber weder RTL noch ihr Management. Zuletzt war die 37-J\u00e4hrige f\u00fcr den Bezahlsender MagentaTV bei der Fu\u00dfball-Weltmeisterschaft in den USA, Mexiko und Kanada im Einsatz.<\/p>\n","protected":false},"excerpt":{"rendered":"Nachfolgerin von Laura Wontorra DAZN verpflichtet neue Bundesliga-Moderatorin Aktualisiert am 31.08.2026 &#8211; 11:57 UhrLesedauer: 1 Min. Neu Moderatorin&hellip;\n","protected":false},"author":2,"featured_media":366323,"comment_status":"","ping_status":"","sticky":false,"template":"","format":"standard","meta":{"footnotes":"","_share_on_mastodon":"0"},"categories":[25],"tags":[737,2788,46,42,77,13952,147,13118,14529,44,156,155,21018,148],"class_list":["post-366322","post","type-post","status-publish","format-standard","has-post-thumbnail","category-serien","tag-737","tag-2788","tag-at","tag-austria","tag-champions-league","tag-dazn","tag-entertainment","tag-laura-wontorra","tag-nuernberg","tag-oesterreich","tag-serien","tag-series","tag-sport1","tag-unterhaltung"],"share_on_mastodon":{"url":"https:\/\/pubeurope.com\/@at\/117189760965948065","error":""},"_links":{"self":[{"href":"https:\/\/www.europesays.com\/at\/wp-json\/wp\/v2\/posts\/366322","targetHints":{"allow":["GET"]}}],"collection":[{"href":"https:\/\/www.europesays.com\/at\/wp-json\/wp\/v2\/posts"}],"about":[{"href":"https:\/\/www.europesays.com\/at\/wp-json\/wp\/v2\/types\/post"}],"author":[{"embeddable":true,"href":"https:\/\/www.europesays.com\/at\/wp-json\/wp\/v2\/users\/2"}],"replies":[{"embeddable":true,"href":"https:\/\/www.europesays.com\/at\/wp-json\/wp\/v2\/comments?post=366322"}],"version-history":[{"count":0,"href":"https:\/\/www.europesays.com\/at\/wp-json\/wp\/v2\/posts\/366322\/revisions"}],"wp:featuredmedia":[{"embeddable":true,"href":"https:\/\/www.europesays.com\/at\/wp-json\/wp\/v2\/media\/366323"}],"wp:attachment":[{"href":"https:\/\/www.europesays.com\/at\/wp-json\/wp\/v2\/media?parent=366322"}],"wp:term":[{"taxonomy":"category","embeddable":true,"href":"https:\/\/www.europesays.com\/at\/wp-json\/wp\/v2\/categories?post=366322"},{"taxonomy":"post_tag","embeddable":true,"href":"https:\/\/www.europesays.com\/at\/wp-json\/wp\/v2\/tags?post=366322"}],"curies":[{"name":"wp","href":"https:\/\/api.w.org\/{rel}","templated":true}]}}