{"id":366368,"date":"2026-08-31T11:22:10","date_gmt":"2026-08-31T11:22:10","guid":{"rendered":"https:\/\/www.europesays.com\/at\/366368\/"},"modified":"2026-08-31T11:22:10","modified_gmt":"2026-08-31T11:22:10","slug":"von-der-leinwand-in-die-dose-bud-spencers-enkel-erobern-europa-mit-kult-bohnen","status":"publish","type":"post","link":"https:\/\/www.europesays.com\/at\/366368\/","title":{"rendered":"Von der Leinwand in die Dose: Bud Spencers Enkel erobern Europa mit Kult-Bohnen"},"content":{"rendered":"<p>Vier F\u00e4uste f\u00fcr ein Bohnen-Imperium: Nach dem Start in \u00d6sterreich will das Unternehmen der Enkel des 2016 verstorbenen Schauspielers auch in Osteuropa wachsen. Mit dessen Rezepten.<\/p>\n<p class=\"klz-story-element-paragraph klz-text-copy\" data-testid=\"article-paragraph\">Die Lebensmittelmarke Bud Power, gegr\u00fcndet von der Familie des italienischen Schauspielers Bud Spencer, w\u00e4chst und nimmt nach \u00d6sterreich nun Polen und Tschechien ins Visier. Gerade dort n\u00e4mlich erfreuen sich die Filme Bud Spencers weiterhin gro\u00dfer Beliebtheit. F\u00fcr 2026 peilt das Unternehmen einen Umsatz von zw\u00f6lf Millionen Euro an<\/p>\n<p class=\"klz-story-element-paragraph klz-text-copy\" data-testid=\"article-paragraph\">Hinter der Marke stehen Alessandro und Carlo Pedersoli, die Enkel des 2016 verstorbenen Schauspielers, der vor allem durch seine Western- und Pr\u00fcgelfilme mit Terence Hill bekannt wurde. 2022 gr\u00fcndeten sie Bud Power. Zun\u00e4chst setzte das Unternehmen auf Proteinriegel, den gro\u00dfen Durchbruch brachten jedoch die Bohnen in der charakteristischen Dose mit dem Gesicht des Schauspielers.<\/p>\n<p><img decoding=\"async\" src=\"https:\/\/www.europesays.com\/at\/wp-content\/uploads\/2026\/08\/03293549.jpg\" alt=\"Bud Spencer 2012\" loading=\"lazy\" fetchpriority=\"low\"  class=\"inline-block max-h-[600px] max-w-full h-auto w-auto object-contain\"\/> \u00a9 APA\/StrobelBud Spencer 2012Vom Set zum Tisch<\/p>\n<p class=\"klz-story-element-paragraph klz-text-copy\" data-testid=\"article-paragraph\">Ihr bekanntestes Produkt sind die \u201eFagioli alla Bud Spencer\u201c \u2013 Bohnen nach einem Rezept, das ihr Gro\u00dfvater f\u00fcr seine Filmauftritte auf dem Set zubereiten lie\u00df. Die Gesch\u00e4ftsidee entstand w\u00e4hrend Corona. <\/p>\n<p><img decoding=\"async\" src=\"https:\/\/www.europesays.com\/at\/wp-content\/uploads\/2026\/08\/bud-power.jpg\" alt=\"Fagioli alla Bud Spencer\" loading=\"lazy\" fetchpriority=\"low\"  class=\"inline-block max-h-[600px] max-w-full h-auto w-auto object-contain\"\/> \u00a9 Bud PowerFagioli alla Bud Spencer<\/p>\n<p class=\"klz-story-element-paragraph klz-text-copy\" data-testid=\"article-paragraph\">Das Unternehmen mit Sitz in Mailand produziert nicht selbst, sondern entwickelt die Rezepte, beschafft die Zutaten, kontrolliert die Produktionsstandards und arbeitet mit ausgew\u00e4hlten Herstellern zusammen. Auch Verpackung, Marketing und Logistik werden von Bud Power gesteuert. <\/p>\n<p>Sortiment wird gr\u00f6\u00dfer<\/p>\n<p class=\"klz-story-element-paragraph klz-text-copy\" data-testid=\"article-paragraph\">Das Sortiment wird laufend erg\u00e4nzt. Dazu geh\u00f6ren ein Bier als Hommage an die ber\u00fchmte Bier-und-Wurst-Szene aus \u201eZwei au\u00dfer Rand und Band\u201c sowie ein \u201ePizzone alla Bud Spencer\u201c, der an den markanten Schlag des Schauspielers erinnern soll.<\/p>\n<p class=\"klz-story-element-paragraph klz-text-copy\" data-testid=\"article-paragraph\">Der 1929 als Carlo Pedersoli in Neapel geborene Bud Spencer begann seine Karriere als Leistungsschwimmer, war aber auch Jurist, Unternehmer, Musikproduzent und Bestsellerautor. Der Neapolitaner starb im Juni 2016 im Alter von 86 Jahren. Spencer wurde durch Filme wie \u201eVier F\u00e4uste f\u00fcr ein Halleluja\u201c und \u201eSie nannten ihn Plattfu\u00df\u201c ber\u00fchmt. Meist im Doppelpack mit Terence Hill.<\/p>\n","protected":false},"excerpt":{"rendered":"Vier F\u00e4uste f\u00fcr ein Bohnen-Imperium: Nach dem Start in \u00d6sterreich will das Unternehmen der Enkel des 2016 verstorbenen&hellip;\n","protected":false},"author":2,"featured_media":366369,"comment_status":"","ping_status":"","sticky":false,"template":"","format":"standard","meta":{"footnotes":"","_share_on_mastodon":"0"},"categories":[3],"tags":[92196,92199,59772,92198,39277,76,75,74,37534,208,70257,1012,92197,120,33047,6492],"class_list":["post-366368","post","type-post","status-publish","format-standard","has-post-thumbnail","category-europa","tag-bohnen","tag-bud-power","tag-bud-spencer","tag-carlo-pedersoli","tag-enkel","tag-eu","tag-europa","tag-europe","tag-fagioli","tag-film","tag-grossvater","tag-italien","tag-lebensmittelmarke","tag-mailand","tag-terence-hill","tag-western"],"share_on_mastodon":{"url":"https:\/\/pubeurope.com\/@at\/117189866808180511","error":""},"_links":{"self":[{"href":"https:\/\/www.europesays.com\/at\/wp-json\/wp\/v2\/posts\/366368","targetHints":{"allow":["GET"]}}],"collection":[{"href":"https:\/\/www.europesays.com\/at\/wp-json\/wp\/v2\/posts"}],"about":[{"href":"https:\/\/www.europesays.com\/at\/wp-json\/wp\/v2\/types\/post"}],"author":[{"embeddable":true,"href":"https:\/\/www.europesays.com\/at\/wp-json\/wp\/v2\/users\/2"}],"replies":[{"embeddable":true,"href":"https:\/\/www.europesays.com\/at\/wp-json\/wp\/v2\/comments?post=366368"}],"version-history":[{"count":0,"href":"https:\/\/www.europesays.com\/at\/wp-json\/wp\/v2\/posts\/366368\/revisions"}],"wp:featuredmedia":[{"embeddable":true,"href":"https:\/\/www.europesays.com\/at\/wp-json\/wp\/v2\/media\/366369"}],"wp:attachment":[{"href":"https:\/\/www.europesays.com\/at\/wp-json\/wp\/v2\/media?parent=366368"}],"wp:term":[{"taxonomy":"category","embeddable":true,"href":"https:\/\/www.europesays.com\/at\/wp-json\/wp\/v2\/categories?post=366368"},{"taxonomy":"post_tag","embeddable":true,"href":"https:\/\/www.europesays.com\/at\/wp-json\/wp\/v2\/tags?post=366368"}],"curies":[{"name":"wp","href":"https:\/\/api.w.org\/{rel}","templated":true}]}}