{"id":366408,"date":"2026-08-31T11:52:10","date_gmt":"2026-08-31T11:52:10","guid":{"rendered":"https:\/\/www.europesays.com\/at\/366408\/"},"modified":"2026-08-31T11:52:10","modified_gmt":"2026-08-31T11:52:10","slug":"hollywood-star-melanie-griffith-ist-nach-36-jahren-zurueck-am-woerthersee","status":"publish","type":"post","link":"https:\/\/www.europesays.com\/at\/366408\/","title":{"rendered":"Hollywood-Star Melanie Griffith ist nach 36 Jahren zur\u00fcck am W\u00f6rthersee"},"content":{"rendered":"<p><a href=\"https:\/\/www.kleinezeitung.at\/rubriken\/leute\" data-slot=\"base\" class=\"inline-flex items-center disabled:cursor-not-allowed aria-disabled:cursor-not-allowed disabled:opacity-75 aria-disabled:opacity-75 transition-colors rounded-lg px-2.5 py-1.5 text-sm text-muted hover:text-default active:text-default disabled:text-muted aria-disabled:text-muted outline-inverted\/25 focus-visible:outline-3 gap-0 font-bold uppercase tracking-widest truncate !p-0 !rounded-none select-none\" rel=\"nofollow noopener\" target=\"_blank\">Leute &amp; Stars<\/a><\/p>\n<p class=\"klz-text-article-lead\">Hollywood-Flair am W\u00f6rthersee: Schauspielerin Melanie Griffith g\u00f6nnt sich derzeit eine Auszeit in Maria W\u00f6rth. Es ist nicht ihr erster Aufenthalt in K\u00e4rnten \u2013 schon vor 36 Jahren stand sie hier gemeinsam mit Michael Douglas vor der Kamera.<\/p>\n<p><img decoding=\"async\" src=\"https:\/\/www.europesays.com\/at\/wp-content\/uploads\/2026\/08\/Imago-79178550.webp\" alt=\"Michael Douglas und Melanie Griffith drehten 1990 f\u00fcr den Film \u201eWie ein Licht in dunkler Nacht\u201c in K\u00e4rnten\" loading=\"eager\" fetchpriority=\"high\"  class=\"w-full object-contain  rounded-2xl\"\/> \u00a9 Imago | Cinema Publishers CollectionMichael Douglas und Melanie Griffith drehten 1990 f\u00fcr den Film \u201eWie ein Licht in dunkler Nacht\u201c in K\u00e4rnten<\/p>\n<p>vor 1 Stunde31. August 2026 um 09:48<\/p>\n","protected":false},"excerpt":{"rendered":"Leute &amp; Stars Hollywood-Flair am W\u00f6rthersee: Schauspielerin Melanie Griffith g\u00f6nnt sich derzeit eine Auszeit in Maria W\u00f6rth. Es&hellip;\n","protected":false},"author":2,"featured_media":366409,"comment_status":"","ping_status":"","sticky":false,"template":"","format":"standard","meta":{"footnotes":"","_share_on_mastodon":"0"},"categories":[27],"tags":[46,42,175,147,2071,2197,27737,31360,44,176,5859,92201,148,92200,92202,5377],"class_list":["post-366408","post","type-post","status-publish","format-standard","has-post-thumbnail","category-prominente","tag-at","tag-austria","tag-celebrities","tag-entertainment","tag-hollywood","tag-kaernten","tag-melanie-griffith","tag-michael-douglas","tag-oesterreich","tag-prominente","tag-schauspielerin","tag-shining-through","tag-unterhaltung","tag-vivamayr","tag-wie-ein-licht-in-dunkler-nacht","tag-woerthersee"],"share_on_mastodon":{"url":"https:\/\/pubeurope.com\/@at\/117189984688233054","error":""},"_links":{"self":[{"href":"https:\/\/www.europesays.com\/at\/wp-json\/wp\/v2\/posts\/366408","targetHints":{"allow":["GET"]}}],"collection":[{"href":"https:\/\/www.europesays.com\/at\/wp-json\/wp\/v2\/posts"}],"about":[{"href":"https:\/\/www.europesays.com\/at\/wp-json\/wp\/v2\/types\/post"}],"author":[{"embeddable":true,"href":"https:\/\/www.europesays.com\/at\/wp-json\/wp\/v2\/users\/2"}],"replies":[{"embeddable":true,"href":"https:\/\/www.europesays.com\/at\/wp-json\/wp\/v2\/comments?post=366408"}],"version-history":[{"count":0,"href":"https:\/\/www.europesays.com\/at\/wp-json\/wp\/v2\/posts\/366408\/revisions"}],"wp:featuredmedia":[{"embeddable":true,"href":"https:\/\/www.europesays.com\/at\/wp-json\/wp\/v2\/media\/366409"}],"wp:attachment":[{"href":"https:\/\/www.europesays.com\/at\/wp-json\/wp\/v2\/media?parent=366408"}],"wp:term":[{"taxonomy":"category","embeddable":true,"href":"https:\/\/www.europesays.com\/at\/wp-json\/wp\/v2\/categories?post=366408"},{"taxonomy":"post_tag","embeddable":true,"href":"https:\/\/www.europesays.com\/at\/wp-json\/wp\/v2\/tags?post=366408"}],"curies":[{"name":"wp","href":"https:\/\/api.w.org\/{rel}","templated":true}]}}