{"id":366422,"date":"2026-08-31T12:02:12","date_gmt":"2026-08-31T12:02:12","guid":{"rendered":"https:\/\/www.europesays.com\/at\/366422\/"},"modified":"2026-08-31T12:02:12","modified_gmt":"2026-08-31T12:02:12","slug":"oesterreich-kirchen-gegen-aushoehlung-der-sonntagsruhe","status":"publish","type":"post","link":"https:\/\/www.europesays.com\/at\/366422\/","title":{"rendered":"\u00d6sterreich: Kirchen gegen Aush\u00f6hlung der Sonntagsruhe"},"content":{"rendered":"<p>Die \u00f6sterreichweite Allianz f\u00fcr den freien Sonntag hat sich erneut gegen eine weitere Ausweitung der Sonntags\u00f6ffnung im Handel ausgesprochen. Anlass sind Debatten \u00fcber eine \u00dcbernahme des Vorarlberger Modells f\u00fcr kleine Lebensmittelgesch\u00e4fte auch in anderen Bundesl\u00e4ndern.<\/p>\n<p>     <a href=\"https:\/\/www.vaticannews.va\/de\/kirche\/news\/2026-08\/oesterreich-irak-kirchendelegation-reise-hilfsprojekt.html\" title=\"\u00d6sterreich\/Irak: Kirchendelegation reist zu Hilfsprojekten im Nordirak\" rel=\"nofollow noopener\" target=\"_blank\"><\/p>\n<p>        <img decoding=\"async\" src=\"data:image\/gif;base64,R0lGODlhAQABAIAAAAAAAP\/\/\/yH5BAEAAAAALAAAAAABAAEAAAIBRAA7\" data-original=\"https:\/\/www.vaticannews.va\/content\/dam\/vaticannews\/agenzie\/images\/afp\/2026\/03\/07\/19\/1772906516268.jpg\/_jcr_content\/renditions\/cq5dam.thumbnail.cropped.500.281.jpeg\" alt=\"\u00d6sterreich\/Irak: Kirchendelegation reist zu Hilfsprojekten im Nordirak\"\/><\/p>\n<p>      <\/a><\/p>\n<p>\n      Eine Vertretung der Initiative Christlicher Orient (ICO), der Linzer Sektion von Pro Oriente sowie der Kardinal K\u00f6nig Stiftung bricht in der kommenden Woche zu einer Reise in den &#8230;\n     <\/p>\n<p>Der kirchliche Sprecher der Sonntagsallianz, der Grazer Bischof Wilhelm Krautwaschl, warnte in einer aktuellen Stellungnahme auf der Homepage seiner Di\u00f6zese vor einer weiteren Aush\u00f6hlung des gemeinsamen arbeitsfreien Sonntags. \u201eSonn- und Feiertage sind bereits f\u00fcr viele Menschen Arbeitstage anstatt Freizeit oder Zeit f\u00fcr eine kirchliche Feier&#8220;. Bei systemrelevanten Berufen sei Sonntagsarbeit notwendig und den Besch\u00e4ftigten daf\u00fcr zu danken. \u201eOb irgendein Einkauf an Sonntagen einen gesellschaftlichen Mehrwert bringt, ist mehr als zweifelhaft.&#8220;<\/p>\n<p>\u201eOb irgendein Einkauf an Sonntagen einen gesellschaftlichen Mehrwert bringt, ist mehr als zweifelhaft\u201c<\/p>\n<p>In Vorarlberg d\u00fcrfen Lebensmittelgesch\u00e4fte mit bis zu 400 Quadratmetern seit Ende Juni sonntags von 7 bis 18 Uhr \u00f6ffnen. Personal darf dabei nicht eingesetzt werden, das Gesch\u00e4ft muss von der Inhaberin oder dem Inhaber selbst betreut werden.<\/p>\n<p>Steiermark gegen Ausweitung <\/p>\n<p>F\u00fcr die Steiermark signalisierte die Di\u00f6zese Graz-Seckau eine klare Ablehnung einer Ausweitung dieses Modells. Peter Hochegger vom di\u00f6zesanen Fonds f\u00fcr Arbeit und Bildung betonte, es gehe dabei um eine grunds\u00e4tzliche Frage. Notwendige Sonntagsarbeit etwa im Gesundheitswesen oder bei der Polizei sei von T\u00e4tigkeiten zu unterscheiden, die ausschlie\u00dflich profitorientiert seien. Auch Arbeiten in Gastronomie, Kultur oder Kinos k\u00f6nnten gesellschaftlich sinnvoll sein, weil sie der Erholung anderer dienten. Hingegen widerspreche eine Aufweichung der gesetzlichen Sonntags-Regelungen im profitorientierten Bereich der \u201eIdee des freien Sonntags als gemeinsamen freien Tag zur Erholung&#8220;, so Hochegger.<\/p>\n<p>\u201eSonntag als gemeinsamer freier Tag zur Erholung\u201c<\/p>\n<p>Bernhard Schwarzenegger, Gesch\u00e4ftsf\u00fchrer des Fonds, bezeichnete den weitgehend arbeitsfreien Sonntag als \u201ehohes gesellschaftliches Gut&#8220;. Er schaffe gemeinsame Zeit f\u00fcr Familie und Freunde sowie Raum zum Innehalten und zur Erholung.<\/p>\n<p>Auch die Katholische Arbeitnehmer\/innenbewegung Steiermark sprach sich gegen eine weitere Liberalisierung der Laden\u00f6ffnungszeiten aus. Ihr Vorsitzender Heinz Zeiringer warnte, auch wenn zun\u00e4chst nur Gesch\u00e4ftsinhaber betroffen seien, w\u00fcrde damit \u201ewieder eine Gruppe mehr am Sonntag arbeiten&#8220;. Andreas Gjecaj, Pr\u00e4sident der Katholischen Aktion Steiermark, sprach vom Sonntag als \u201eGeschenk&#8220;, das Raum f\u00fcr Pausen, Gemeinschaft und Feiern schaffe.<\/p>\n<p>Die \u00f6sterreichische Sonntagsallianz, die seit 2001 f\u00fcr den Schutz des arbeitsfreien Sonntags eintritt, versteht den Sonntag ausdr\u00fccklich als breites gesellschaftliches Anliegen. Ihr geh\u00f6ren neben kirchlichen Einrichtungen auch Gewerkschaften, Arbeiterkammer und weitere gesellschaftliche Organisationen an. Ziel ist es, den Sonntag als gemeinsamen freien Tag vor einer schleichenden Ausweitung von Arbeits- und Konsumzeiten zu sch\u00fctzen.<\/p>\n<p>(kap &#8211; sst)<\/p>\n","protected":false},"excerpt":{"rendered":"Die \u00f6sterreichweite Allianz f\u00fcr den freien Sonntag hat sich erneut gegen eine weitere Ausweitung der Sonntags\u00f6ffnung im Handel&hellip;\n","protected":false},"author":2,"featured_media":366423,"comment_status":"","ping_status":"","sticky":false,"template":"","format":"standard","meta":{"footnotes":"","_share_on_mastodon":"0"},"categories":[3],"tags":[7214,76,75,74,270,9520,4699,44],"class_list":["post-366422","post","type-post","status-publish","format-standard","has-post-thumbnail","category-europa","tag-arbeit","tag-eu","tag-europa","tag-europe","tag-gesellschaft","tag-glaube","tag-katholische-kirche","tag-oesterreich"],"share_on_mastodon":{"url":"https:\/\/pubeurope.com\/@at\/117190023235751492","error":""},"_links":{"self":[{"href":"https:\/\/www.europesays.com\/at\/wp-json\/wp\/v2\/posts\/366422","targetHints":{"allow":["GET"]}}],"collection":[{"href":"https:\/\/www.europesays.com\/at\/wp-json\/wp\/v2\/posts"}],"about":[{"href":"https:\/\/www.europesays.com\/at\/wp-json\/wp\/v2\/types\/post"}],"author":[{"embeddable":true,"href":"https:\/\/www.europesays.com\/at\/wp-json\/wp\/v2\/users\/2"}],"replies":[{"embeddable":true,"href":"https:\/\/www.europesays.com\/at\/wp-json\/wp\/v2\/comments?post=366422"}],"version-history":[{"count":0,"href":"https:\/\/www.europesays.com\/at\/wp-json\/wp\/v2\/posts\/366422\/revisions"}],"wp:featuredmedia":[{"embeddable":true,"href":"https:\/\/www.europesays.com\/at\/wp-json\/wp\/v2\/media\/366423"}],"wp:attachment":[{"href":"https:\/\/www.europesays.com\/at\/wp-json\/wp\/v2\/media?parent=366422"}],"wp:term":[{"taxonomy":"category","embeddable":true,"href":"https:\/\/www.europesays.com\/at\/wp-json\/wp\/v2\/categories?post=366422"},{"taxonomy":"post_tag","embeddable":true,"href":"https:\/\/www.europesays.com\/at\/wp-json\/wp\/v2\/tags?post=366422"}],"curies":[{"name":"wp","href":"https:\/\/api.w.org\/{rel}","templated":true}]}}