{"id":366502,"date":"2026-08-31T12:48:13","date_gmt":"2026-08-31T12:48:13","guid":{"rendered":"https:\/\/www.europesays.com\/at\/366502\/"},"modified":"2026-08-31T12:48:13","modified_gmt":"2026-08-31T12:48:13","slug":"tierischer-winzling-die-kleinste-landschildkroete-ist-jetzt-in-wien-zu-sehen","status":"publish","type":"post","link":"https:\/\/www.europesays.com\/at\/366502\/","title":{"rendered":"Tierischer Winzling \u2013 Die kleinste Landschildkr\u00f6te ist jetzt in Wien zu sehen"},"content":{"rendered":"<p class=\"col-12 col-md-10 col-lg-8 gb-p raw mx-auto\">Im <a data-li-document-ref=\"100285428\" href=\"https:\/\/www.heute.at\/s\/in-der-daemmerung-ins-haus-des-meeres-unbedingt-100285428\" rel=\"nofollow noopener\" target=\"_blank\">Haus des Meeres<\/a> ist ein au\u00dfergew\u00f6hnlicher Neuzugang eingezogen: Eine Ges\u00e4gte Flachschildkr\u00f6te sorgt derzeit im 6. Wiener Gemeindebezirk f\u00fcr staunende Blicke. Der Winzling bringt es gerade einmal auf eine Panzerl\u00e4nge von rund sieben bis neun Zentimetern \u2013 und gilt damit als kleinste heute lebende <a data-li-document-ref=\"120227989\" href=\"https:\/\/www.heute.at\/s\/er-rettet-schlangen-schildkroeten-und-leguane-120227989\" rel=\"nofollow noopener\" target=\"_blank\">Landschildkr\u00f6te<\/a> der Welt.<\/p>\n<p>Winziger Panzer, gro\u00dfe Besonderheiten<\/p>\n<p class=\"col-12 col-md-10 col-lg-8 gb-p raw mx-auto\">Die Ges\u00e4gte Flachschildkr\u00f6te (Chersobius signatus) stammt aus dem Westen S\u00fcdafrikas. Ihr Zuhause sind trockene, felsige Landschaften im <a data-li-document-ref=\"29734951\" href=\"https:\/\/www.heute.at\/s\/die-kustenlinie-sudafrikas-29734951\" rel=\"nofollow noopener\" target=\"_blank\">Namaqualand<\/a> und in der Succulent Karoo.<\/p>\n<p>&#8222;Heute&#8220; auf Google als bevorzugte&amp;nbspQuelle festlegen<a href=\"https:\/\/www.google.com\/preferences\/source?q=heute.at\" rel=\"noopener noreferrer nofollow\" target=\"_blank\">Hinzuf\u00fcgen<\/a><\/p>\n<p class=\"col-12 col-md-10 col-lg-8 gb-p raw mx-auto\">Dort hat sich das Tier perfekt an die kargen Bedingungen angepasst. Auf dem Speiseplan stehen unter anderem <a data-li-document-ref=\"120173646\" href=\"https:\/\/www.heute.at\/s\/legal-simon-stiehlt-einzelne-pflanzenblaetter-bei-ikea-120173646\" rel=\"nofollow noopener\" target=\"_blank\">Sukkulenten<\/a>, die w\u00e4hrend der Winterregen Wasser speichern. Der flache Panzer ist ebenfalls ein praktischer \u00dcberlebensvorteil: Er erm\u00f6glicht es der Schildkr\u00f6te, sich in engen Felsspalten zu verstecken.<\/p>\n<p class=\"col-12 col-md-10 col-lg-8 gb-p raw mx-auto\">Auch optisch ist der kleine Reptilienbewohner bestens getarnt. Die br\u00e4unlich-orange F\u00e4rbung mit dunklen Flecken hilft dabei, zwischen Felsen und trockener Vegetation m\u00f6glichst unauff\u00e4llig zu bleiben.<\/p>\n<p>F\u00fcr den Winzling wird es zunehmend eng<\/p>\n<p class=\"col-12 col-md-10 col-lg-8 gb-p raw mx-auto\">So klein die <a data-li-document-ref=\"120239306\" href=\"https:\/\/www.heute.at\/s\/elf-seltene-schildkroeten-im-zoo-geschluepft-120239306\" rel=\"nofollow noopener\" target=\"_blank\">Schildkr\u00f6te<\/a> ist, so gro\u00df sind die Probleme, mit denen ihre Art zu k\u00e4mpfen hat. Ihr ohnehin begrenztes Verbreitungsgebiet schrumpft durch menschliche Eingriffe. Landwirtschaft, Bergbau und der Ausbau von Infrastruktur setzen den Lebensr\u00e4umen zu. Hinzu kommen die Folgen des <a data-li-document-ref=\"120237597\" href=\"https:\/\/www.heute.at\/s\/klimawandel-bringt-vier-stunden-mehr-extremhitze-120237597\" rel=\"nofollow noopener\" target=\"_blank\">Klimawandels<\/a>, der zunehmende Stra\u00dfenverkehr und die illegale Entnahme f\u00fcr den Heimtierhandel.<\/p>\n<p class=\"col-12 col-md-10 col-lg-8 gb-p raw mx-auto\">Gerade weil die Art nur in einem relativ kleinen Gebiet vorkommt, k\u00f6nnen Ver\u00e4nderungen ihrer Umgebung besonders schwerwiegende Folgen haben.<\/p>\n<p>Ein Ei muss reichen<\/p>\n<p class=\"col-12 col-md-10 col-lg-8 gb-p raw mx-auto\">Auch bei der Fortpflanzung l\u00e4sst es die Ges\u00e4gte Flachschildkr\u00f6te gem\u00e4chlich angehen. Die Tiere wachsen ausgesprochen langsam und werden erst nach mehr als zehn Jahren geschlechtsreif.<\/p>\n<p class=\"col-12 col-md-10 col-lg-8 gb-p raw mx-auto\">Die Weibchen legen zudem pro Gelege lediglich ein einziges Ei. Dieses f\u00e4llt im Verh\u00e4ltnis zur K\u00f6rpergr\u00f6\u00dfe erstaunlich gro\u00df aus. Eine besondere Beweglichkeit des Beckens erm\u00f6glicht es den Tieren, das Ei trotzdem abzulegen.<\/p>\n<p> {title &amp;&amp; {title} } red, {title &amp;&amp; {title} } 31.08.2026, 13:29<\/p>\n","protected":false},"excerpt":{"rendered":"Im Haus des Meeres ist ein au\u00dfergew\u00f6hnlicher Neuzugang eingezogen: Eine Ges\u00e4gte Flachschildkr\u00f6te sorgt derzeit im 6. Wiener Gemeindebezirk&hellip;\n","protected":false},"author":2,"featured_media":366503,"comment_status":"","ping_status":"","sticky":false,"template":"","format":"standard","meta":{"footnotes":"","_share_on_mastodon":"0"},"categories":[28],"tags":[11794,46,42,92219,29768,24708,28902,3829,44,75020,92217,15484,79346,181,182,92218,10063],"class_list":["post-366502","post","type-post","status-publish","format-standard","has-post-thumbnail","category-wien","tag-artenschutz","tag-at","tag-austria","tag-chersobius-signatus","tag-haus","tag-mariahilf","tag-meer","tag-naturschutz","tag-oesterreich","tag-reptilien","tag-schildkroete","tag-suedafrika","tag-sukkulenten","tag-vienna","tag-wien","tag-winzling","tag-zoo"],"share_on_mastodon":{"url":"https:\/\/pubeurope.com\/@at\/117190204056249731","error":""},"_links":{"self":[{"href":"https:\/\/www.europesays.com\/at\/wp-json\/wp\/v2\/posts\/366502","targetHints":{"allow":["GET"]}}],"collection":[{"href":"https:\/\/www.europesays.com\/at\/wp-json\/wp\/v2\/posts"}],"about":[{"href":"https:\/\/www.europesays.com\/at\/wp-json\/wp\/v2\/types\/post"}],"author":[{"embeddable":true,"href":"https:\/\/www.europesays.com\/at\/wp-json\/wp\/v2\/users\/2"}],"replies":[{"embeddable":true,"href":"https:\/\/www.europesays.com\/at\/wp-json\/wp\/v2\/comments?post=366502"}],"version-history":[{"count":0,"href":"https:\/\/www.europesays.com\/at\/wp-json\/wp\/v2\/posts\/366502\/revisions"}],"wp:featuredmedia":[{"embeddable":true,"href":"https:\/\/www.europesays.com\/at\/wp-json\/wp\/v2\/media\/366503"}],"wp:attachment":[{"href":"https:\/\/www.europesays.com\/at\/wp-json\/wp\/v2\/media?parent=366502"}],"wp:term":[{"taxonomy":"category","embeddable":true,"href":"https:\/\/www.europesays.com\/at\/wp-json\/wp\/v2\/categories?post=366502"},{"taxonomy":"post_tag","embeddable":true,"href":"https:\/\/www.europesays.com\/at\/wp-json\/wp\/v2\/tags?post=366502"}],"curies":[{"name":"wp","href":"https:\/\/api.w.org\/{rel}","templated":true}]}}