{"id":366804,"date":"2026-08-31T16:01:07","date_gmt":"2026-08-31T16:01:07","guid":{"rendered":"https:\/\/www.europesays.com\/at\/366804\/"},"modified":"2026-08-31T16:01:07","modified_gmt":"2026-08-31T16:01:07","slug":"john-galliano-metropolitan-museum-of-art-sagt-galliano-ausstellung-ab-2","status":"publish","type":"post","link":"https:\/\/www.europesays.com\/at\/366804\/","title":{"rendered":"John Galliano: Metropolitan Museum of Art sagt Galliano-Ausstellung ab"},"content":{"rendered":"<p class=\"paragraph article__item\">Das Metropolitan Museum of Art in New York hat eine geplante Ausstellung zu Ehren des Modedesigners <a href=\"https:\/\/www.zeit.de\/zeit-magazin\/mode-design\/2014-10\/john-galliano-martin-margiela-chefdesigner\" target=\"_blank\" rel=\"nofollow noopener\">John Galliano<\/a>\u00a0abgesagt. Galliano sagte in einer gemeinsamen Erkl\u00e4rung mit dem <a class=\"rtr-entity\" href=\"https:\/\/www.zeit.de\/thema\/kunstmuseum\" rel=\"nofollow noopener\" target=\"_blank\">Kunstmuseum<\/a>, er habe schweren Herzens beschlossen, es sei besser, wenn die Ausstellung nicht zum geplanten Zeitpunkt stattfinde. \u00bbIch \u00fcbernehme weiterhin die volle Verantwortung f\u00fcr den Schmerz, den<br \/>\nmeine Worte in der Vergangenheit verursacht haben, insbesondere f\u00fcr das<br \/>\nLeid, das ich der j\u00fcdischen und der asiatischen Gemeinschaft zugef\u00fcgt<br \/>\nhabe\u00ab, hie\u00df es weiter. \u00bbIch bedauere das zutiefst.\u00ab\n<\/p>\n<p class=\"paragraph article__item\">Am 31. Juli <a href=\"https:\/\/www.zeit.de\/news\/2026-08\/01\/naechste-met-gala-feiert-galliano\" target=\"_blank\" rel=\"nofollow noopener\">hatte das Metropolitan Museum angek\u00fcndigt<\/a>, in\u00a0John Galliano: Horizons dessen\u00a0Gesamtwerk zu w\u00fcrdigen. J\u00fcdische Vertreter \u00e4u\u00dferten daraufhin Kritik an dem Museum. Antisemitische \u00dcbergriffe nehmen derzeit zu, erinnerte etwa der <a href=\"https:\/\/www.zeit.de\/2026\/37\/zohran-mamdani-new-york-buergermeister-sozialismus-dsa\" target=\"_blank\" rel=\"nofollow noopener\">New Yorker<\/a>\u00a0Rabbi David Ingber. \u00bbWenn das Metropolitan Museum Galliano in einem solchen Moment in den Mittelpunkt eines gro\u00dfen Kulturspektakels stellt, geht es automatisch um mehr als eine k\u00fcnstlerische Auseinandersetzung mit seinem Werk.\u00ab Auch drohten private Geldgeber damit, Spenden zur\u00fcckzuziehen. F\u00fcr Kritik sorgte auch, dass die <a href=\"https:\/\/www.zeit.de\/2026\/01\/met-gala-new-york-jeff-bezos-lauren-bezos-beyonce-anna-wintour-mode\" target=\"_blank\" rel=\"nofollow noopener\">Met Gala<\/a>, die die Ausstellung er\u00f6ffnen sollte, auf denselben Tag f\u00e4llt wie der Holocaustgedenktag HaSchoah.\n<\/p>\n<p>            Heftige antisemitische Ausf\u00e4lle            <\/p>\n<p class=\"paragraph article__item\">Galliano galt jahrelang als eine der herausragenden Pers\u00f6nlichkeiten der Modewelt, bevor er in den Jahren 2010 und 2011 mit antisemitischen und rassistischen \u00c4u\u00dferungen auffiel. Im Jahr 2011 stellte ein franz\u00f6sisches Gericht mehrere Vorf\u00e4lle in einer Pariser Bar fest. Die britische Boulevardzeitung Sun ver\u00f6ffentlichte zudem ein Video, das den Designer dabei zeigt, wie er G\u00e4ste einer Bar beschimpft. \u00bbLeute wie Sie sollten tot sein. Ihre M\u00fctter, Vorfahren sollten alle verdammt vergast sein.\u00ab Und: \u00bbI love Hitler.\u00ab Daraufhin hatte Galliano seinen <a href=\"https:\/\/www.zeit.de\/lebensart\/mode\/2011-02\/galliano-suspendiert-dior\" target=\"_blank\" rel=\"nofollow noopener\">Posten als Kreativdirektor<\/a> bei der <a href=\"https:\/\/www.zeit.de\/feuilleton\/2026-07\/dior-foto-iran-80er-jahre-humor\" target=\"_blank\" rel=\"nofollow noopener\">Modemarke Dior<\/a> r\u00e4umen m\u00fcssen.\n<\/p>\n<p class=\"paragraph article__item\">Auch Andrew Bolton, zust\u00e4ndiger Kurator am Costume Institute, stellte sich hinter die Entscheidung, die Ausstellung abzusagen: \u00bbIch bin fest von der Verantwortung der Museen \u00fcberzeugt, schwierige Geschichten sorgf\u00e4ltig und offenherzig zu beleuchten. Auch erkenne ich den Schmerz und die Besorgnis an, die diese Ausstellung ausl\u00f6st.\u00ab\u00a0\n<\/p>\n<p>Mehr zum Thema<\/p>\n<p>            Mode        <\/p>\n<p>                <a href=\"https:\/\/www.zeit.de\/2025\/44\/metropolitan-museum-of-art-new-york-umbau\" data-ct-label=\"Metropolitan Museum of Art: Letzte Aussicht\" data-uuid=\"a944f090-14ae-4ac7-947f-4ce9367b6a8e\" rel=\"nofollow noopener\" target=\"_blank\"><\/p>\n<p>        Z+ (abopflichtiger Inhalt);<\/p>\n<p>    Metropolitan Museum of Art:<br \/>\n                        Letzte Aussicht<\/p>\n<p>                <\/a><\/p>\n<p>                <a href=\"https:\/\/www.zeit.de\/zeit-magazin\/2026\/09\/modegeschichte-modeikonen-designer-accessoires-gesellschaft\" data-ct-label=\"Modegeschichte: Stoff f\u00fcr die Revolution\" data-uuid=\"444b551b-91ae-47a0-bb5c-1b2a03d62c73\" rel=\"nofollow noopener\" target=\"_blank\"><\/p>\n<p>        Z+ (abopflichtiger Inhalt);<\/p>\n<p>    Modegeschichte:<br \/>\n                        Stoff f\u00fcr die Revolution<\/p>\n<p>                <\/a><\/p>\n<p>                <a href=\"https:\/\/www.zeit.de\/2026\/15\/pelz-mode-kunstpelz-vintage-nachhaltigkeit\" data-ct-label=\"Pelz in der Mode: Sieht aus wie Nerz, ist aus Brennnessel\" data-uuid=\"a3cd3488-9e50-4900-bf9d-d24b958e9d8c\" rel=\"nofollow noopener\" target=\"_blank\"><\/p>\n<p>                        Pelz in der Mode:<br \/>\n                        Sieht aus wie Nerz, ist aus Brennnessel<\/p>\n<p>                <\/a><\/p>\n","protected":false},"excerpt":{"rendered":"Das Metropolitan Museum of Art in New York hat eine geplante Ausstellung zu Ehren des Modedesigners John Galliano\u00a0abgesagt.&hellip;\n","protected":false},"author":2,"featured_media":366805,"comment_status":"","ping_status":"","sticky":false,"template":"","format":"standard","meta":{"footnotes":"","_share_on_mastodon":"0"},"categories":[26],"tags":[4890,158,157,46,42,92300,159,147,949,63085,161,160,383,548,44,148],"class_list":["post-366804","post","type-post","status-publish","format-standard","has-post-thumbnail","category-kunst-und-design","tag-antisemitismus","tag-art","tag-art-and-design","tag-at","tag-austria","tag-christian-dior-s-a","tag-design","tag-entertainment","tag-feuilleton","tag-john-galliano","tag-kunst","tag-kunst-und-design","tag-kunstmuseum","tag-new-york","tag-oesterreich","tag-unterhaltung"],"share_on_mastodon":{"url":"https:\/\/pubeurope.com\/@at\/117190962928405807","error":""},"_links":{"self":[{"href":"https:\/\/www.europesays.com\/at\/wp-json\/wp\/v2\/posts\/366804","targetHints":{"allow":["GET"]}}],"collection":[{"href":"https:\/\/www.europesays.com\/at\/wp-json\/wp\/v2\/posts"}],"about":[{"href":"https:\/\/www.europesays.com\/at\/wp-json\/wp\/v2\/types\/post"}],"author":[{"embeddable":true,"href":"https:\/\/www.europesays.com\/at\/wp-json\/wp\/v2\/users\/2"}],"replies":[{"embeddable":true,"href":"https:\/\/www.europesays.com\/at\/wp-json\/wp\/v2\/comments?post=366804"}],"version-history":[{"count":0,"href":"https:\/\/www.europesays.com\/at\/wp-json\/wp\/v2\/posts\/366804\/revisions"}],"wp:featuredmedia":[{"embeddable":true,"href":"https:\/\/www.europesays.com\/at\/wp-json\/wp\/v2\/media\/366805"}],"wp:attachment":[{"href":"https:\/\/www.europesays.com\/at\/wp-json\/wp\/v2\/media?parent=366804"}],"wp:term":[{"taxonomy":"category","embeddable":true,"href":"https:\/\/www.europesays.com\/at\/wp-json\/wp\/v2\/categories?post=366804"},{"taxonomy":"post_tag","embeddable":true,"href":"https:\/\/www.europesays.com\/at\/wp-json\/wp\/v2\/tags?post=366804"}],"curies":[{"name":"wp","href":"https:\/\/api.w.org\/{rel}","templated":true}]}}