{"id":366816,"date":"2026-08-31T16:09:17","date_gmt":"2026-08-31T16:09:17","guid":{"rendered":"https:\/\/www.europesays.com\/at\/366816\/"},"modified":"2026-08-31T16:09:17","modified_gmt":"2026-08-31T16:09:17","slug":"arthur-pichler-uebernimmt-bipa-stellt-seine-einkaufsleitung-neu-auf-leadersnet","status":"publish","type":"post","link":"https:\/\/www.europesays.com\/at\/366816\/","title":{"rendered":"Arthur Pichler \u00fcbernimmt &#8211; Bipa stellt seine Einkaufsleitung neu auf \u00bb Leadersnet"},"content":{"rendered":"<p>Mit Arthur Pichler \u00fcbernimmt ab September ein langj\u00e4hriger Rewe-Manager die Bereichsleitung Category Management. Er folgt auf Rebekka Schr\u00f6cker, die innerhalb des Konzerns zu Billa CEE weiterzieht.<\/p>\n<p>Bei Bipa \u00d6sterreich wechselt mit 1. September die Verantwortung f\u00fcr das Category Management. Arthur Pichler r\u00fcckt an die Spitze des Bereichs und steuert damit k\u00fcnftig Sortiment, Beschaffung, Aktionen und Preise sowohl strategisch als auch im Tagesgesch\u00e4ft.<\/p>\n<p>Der Manager ist seit 2005 in der\u00a0Rewe Group t\u00e4tig und hat dort mehrere Funktionen durchlaufen. Begonnen hat er im Infomanagement, danach folgten die Rolle als Category Manager sowie mehrere F\u00fchrungsaufgaben in derselben Sparte. 2023 zog es ihn nach Kroatien, wo er als Operative Director und Mitglied der Gesch\u00e4ftsleitung von Bipa f\u00fcr Category Management, Space- und Floormanagement, Business Development sowie Strategie zust\u00e4ndig war. Die fachliche Basis daf\u00fcr lieferte der Masterlehrgang &#8222;Wirtschaftsberatung&#8220; an der FH Wiener Neustadt.<\/p>\n<p>Vorg\u00e4ngerin wechselt zu Billa CEE<\/p>\n<p>Seine Vorg\u00e4ngerin Rebekka Schr\u00f6cker bleibt dem Konzern ebenfalls erhalten und \u00fcbernimmt zeitgleich die Position Head of Business Operations bei Billa CEE. Dort soll sie die Einkaufs-, Category-Management- und Supply-Chain-Prozesse im internationalen Umfeld weiterentwickeln und digitalisieren, l\u00e4nder\u00fcbergreifende End-to-End-Prozesse aufsetzen und strategische Projekte in den Feldern Positionierung, M&amp;A, Vertikalisierung und Produktion steuern.<\/p>\n<p>Ihr Weg in der Rewe Group begann 2012 im Zentraleinkauf, 2016 wechselte sie zu Bipa. Ab 2018 f\u00fchrte sie dort die Gruppe f\u00fcr das Category Management der exklusiven Warengruppen Deko &amp; Duft, ehe sie zwischen Juli 2022 und Juni 2024 die Bereichsleitung f\u00fcr strategisches Category Management und Einkauf Operations innehatte. In diese Phase f\u00e4llt auch der Aufbau des Konditions- und Supply-Chain-Managements bei Bipa, an dem sie ma\u00dfgeblich beteiligt war. Zuletzt verantwortete sie seit Anfang Juni 2025 die Bereichsleitung Category Management &amp; Purchasing Management Private Label.<\/p>\n<p><a href=\"https:\/\/www.bipa.at\/\" target=\"_blank\" rel=\"noopener nofollow\">www.bipa.at<\/a><\/p>\n<p><a href=\"https:\/\/www.billa.at\/\" target=\"_blank\" rel=\"noopener nofollow\">www.billa.at<\/a><\/p>\n<p><a href=\"https:\/\/www.rewe-group.com\/de\/\" target=\"_blank\" rel=\"noopener nofollow\">www.rewe-group.com<\/a><\/p>\n","protected":false},"excerpt":{"rendered":"Mit Arthur Pichler \u00fcbernimmt ab September ein langj\u00e4hriger Rewe-Manager die Bereichsleitung Category Management. Er folgt auf Rebekka Schr\u00f6cker,&hellip;\n","protected":false},"author":2,"featured_media":366817,"comment_status":"","ping_status":"","sticky":false,"template":"","format":"standard","meta":{"footnotes":"","_share_on_mastodon":"0"},"categories":[14],"tags":[46,42,13844,12631,95,90,89,91,94,44,50266,93,92],"class_list":["post-366816","post","type-post","status-publish","format-standard","has-post-thumbnail","category-unternehmen-maerkte","tag-at","tag-austria","tag-billa","tag-bipa","tag-business","tag-companies","tag-companies-markets","tag-markets","tag-maerkte","tag-oesterreich","tag-rewe-group","tag-unternehmen","tag-unternehmen-maerkte"],"share_on_mastodon":{"url":"https:\/\/pubeurope.com\/@at\/117190994350265541","error":""},"_links":{"self":[{"href":"https:\/\/www.europesays.com\/at\/wp-json\/wp\/v2\/posts\/366816","targetHints":{"allow":["GET"]}}],"collection":[{"href":"https:\/\/www.europesays.com\/at\/wp-json\/wp\/v2\/posts"}],"about":[{"href":"https:\/\/www.europesays.com\/at\/wp-json\/wp\/v2\/types\/post"}],"author":[{"embeddable":true,"href":"https:\/\/www.europesays.com\/at\/wp-json\/wp\/v2\/users\/2"}],"replies":[{"embeddable":true,"href":"https:\/\/www.europesays.com\/at\/wp-json\/wp\/v2\/comments?post=366816"}],"version-history":[{"count":0,"href":"https:\/\/www.europesays.com\/at\/wp-json\/wp\/v2\/posts\/366816\/revisions"}],"wp:featuredmedia":[{"embeddable":true,"href":"https:\/\/www.europesays.com\/at\/wp-json\/wp\/v2\/media\/366817"}],"wp:attachment":[{"href":"https:\/\/www.europesays.com\/at\/wp-json\/wp\/v2\/media?parent=366816"}],"wp:term":[{"taxonomy":"category","embeddable":true,"href":"https:\/\/www.europesays.com\/at\/wp-json\/wp\/v2\/categories?post=366816"},{"taxonomy":"post_tag","embeddable":true,"href":"https:\/\/www.europesays.com\/at\/wp-json\/wp\/v2\/tags?post=366816"}],"curies":[{"name":"wp","href":"https:\/\/api.w.org\/{rel}","templated":true}]}}