{"id":366830,"date":"2026-08-31T16:17:19","date_gmt":"2026-08-31T16:17:19","guid":{"rendered":"https:\/\/www.europesays.com\/at\/366830\/"},"modified":"2026-08-31T16:17:19","modified_gmt":"2026-08-31T16:17:19","slug":"stephan-plankensteiner-juengster-notar-von-graz-45-tritt-zum-dienst-an","status":"publish","type":"post","link":"https:\/\/www.europesays.com\/at\/366830\/","title":{"rendered":"Stephan Plankensteiner &#8211; J\u00fcngster Notar von Graz (45) tritt zum Dienst an"},"content":{"rendered":"<p>\u201eBegleitung in Situationen, die richtig wichtig sind\u201c<br \/>\u201eF\u00fcr mich ist das Amt des \u00d6ffentlichen Notars eine sehr gro\u00dfe Verantwortung und keine Rolle, die ich einfach so aus\u00fcbe \u2013 das ist etwas, hinter dem ich wirklich stehe\u201c, so Plankensteiner nach seiner Angelobung. Der besondere Reiz an seinem Berufsstand: \u201eMan begleitet Menschen oft in Situationen, die f\u00fcr sie richtig wichtig sind \u2013 da will ich einfach neutral, verst\u00e4ndlich und gewissenhaft zur Seite stehen.\u201c<\/p>\n","protected":false},"excerpt":{"rendered":"\u201eBegleitung in Situationen, die richtig wichtig sind\u201c\u201eF\u00fcr mich ist das Amt des \u00d6ffentlichen Notars eine sehr gro\u00dfe Verantwortung&hellip;\n","protected":false},"author":2,"featured_media":366831,"comment_status":"","ping_status":"","sticky":false,"template":"","format":"standard","meta":{"footnotes":"","_share_on_mastodon":"0"},"categories":[29],"tags":[46,42,92303,183,44,92304,92305,4878,116,92306],"class_list":["post-366830","post","type-post","status-publish","format-standard","has-post-thumbnail","category-graz","tag-at","tag-austria","tag-bernhard-deu","tag-graz","tag-oesterreich","tag-plankensteiner","tag-plankensteiners","tag-praesidenten","tag-steiermark","tag-stephan-plankensteiner"],"share_on_mastodon":{"url":"https:\/\/pubeurope.com\/@at\/117191025874667225","error":""},"_links":{"self":[{"href":"https:\/\/www.europesays.com\/at\/wp-json\/wp\/v2\/posts\/366830","targetHints":{"allow":["GET"]}}],"collection":[{"href":"https:\/\/www.europesays.com\/at\/wp-json\/wp\/v2\/posts"}],"about":[{"href":"https:\/\/www.europesays.com\/at\/wp-json\/wp\/v2\/types\/post"}],"author":[{"embeddable":true,"href":"https:\/\/www.europesays.com\/at\/wp-json\/wp\/v2\/users\/2"}],"replies":[{"embeddable":true,"href":"https:\/\/www.europesays.com\/at\/wp-json\/wp\/v2\/comments?post=366830"}],"version-history":[{"count":0,"href":"https:\/\/www.europesays.com\/at\/wp-json\/wp\/v2\/posts\/366830\/revisions"}],"wp:featuredmedia":[{"embeddable":true,"href":"https:\/\/www.europesays.com\/at\/wp-json\/wp\/v2\/media\/366831"}],"wp:attachment":[{"href":"https:\/\/www.europesays.com\/at\/wp-json\/wp\/v2\/media?parent=366830"}],"wp:term":[{"taxonomy":"category","embeddable":true,"href":"https:\/\/www.europesays.com\/at\/wp-json\/wp\/v2\/categories?post=366830"},{"taxonomy":"post_tag","embeddable":true,"href":"https:\/\/www.europesays.com\/at\/wp-json\/wp\/v2\/tags?post=366830"}],"curies":[{"name":"wp","href":"https:\/\/api.w.org\/{rel}","templated":true}]}}