{"id":366958,"date":"2026-08-31T17:42:11","date_gmt":"2026-08-31T17:42:11","guid":{"rendered":"https:\/\/www.europesays.com\/at\/366958\/"},"modified":"2026-08-31T17:42:11","modified_gmt":"2026-08-31T17:42:11","slug":"gemeinsam-zur-2-oefb-cup-runde-naechster-halt-kitzbuehel","status":"publish","type":"post","link":"https:\/\/www.europesays.com\/at\/366958\/","title":{"rendered":"Gemeinsam zur 2. \u00d6FB-Cup-Runde: N\u00e4chster Halt Kitzb\u00fchel"},"content":{"rendered":"<p>          <a href=\"https:\/\/www.grazerak.at\/aktuelles\" itemprop=\"item\" rel=\"nofollow noopener\" target=\"_blank\">Aktuelles<\/a><\/p>\n<p>                  \/<br \/>\n              <a href=\"http:\/\/www.grazerak.at\/aktuelles#news\" itemprop=\"item\" rel=\"nofollow noopener\" target=\"_blank\">News<\/a><\/p>\n<p>                          \/ Redaktion<br \/>\n                          \/ Montag 31.08.2026<\/p>\n<p>Kein Netz, kein doppelter Boden, keine zweiten Chancen. Im \u00d6FB Cup z\u00e4hlt nur das Hier und Jetzt: 90 Minuten, in denen alles auf dem Spiel steht. N\u00e4chster Halt: FC Powerspine Kitzb\u00fchel.<\/p>\n<p>Wochenende. Cup. Ausw\u00e4rts. Mehr braucht es eigentlich gar nicht f\u00fcr einen gepflegten Fu\u00dfballnachmittag. Nach dem Auftakt in Wien Donaufeld wartet in der 2. Runde der FC Powerspine Kitzb\u00fchel, aus der Regionalliga West, auf uns. Auf dem Papier gehen wir als Favorit in dieses Duell, doch der Cup kennt keine Selbstl\u00e4ufer. Gegen einen hochmotivierten Gastgeber auf heimischem Rasen, in Tiroler Bergkulisse, braucht unsere Mannschaft volle Konzentration \u2013 und von der ersten bis zur letzten Minute euren lautstarken Support.<\/p>\n<p>Mach euch bereit und begleitet unser Team zum Cup-Spiel nach Tirol. Die <a target=\"_blank\" rel=\"noopener noreferrer nofollow\" href=\"https:\/\/www.eventim-light.com\/at\/a\/6a7a046548a5e446be239d3b\">Tickets<\/a> gibt&#8217;s im Vorverkauf. Alle Infos im Blick:<\/p>\n<p>Ticketinfos<\/p>\n<p>Preis: Einheitspreis 20 Euro (solange der Vorrat reicht)<\/p>\n<p>Verkaufsstelle: Auschlie\u00dflich online. <a target=\"_blank\" rel=\"noopener noreferrer nofollow\" href=\"https:\/\/www.eventim-light.com\/at\/a\/6a7a046548a5e446be239d3b\">Hier<\/a> geht\u2019s direkt zum Online-Ticket-Shop. <br \/>(Wichtig: Kein Verkauf im Fancenter vor Ort!)<\/p>\n<p>Spielinfos<\/p>\n<p>Begegnung: FC Powerspine Kitzb\u00fchel \u2013 GAK 1902 | 2. Runde UNIQA \u00d6FB Cup<\/p>\n<p>Termin: Sonntag, 06. September 2026, 16:00 Uhr<\/p>\n<p>Ort: Sportstadion Kitzb\u00fchel Langau, 6370 Kitzb\u00fchel<\/p>\n","protected":false},"excerpt":{"rendered":"Aktuelles \/ News \/ Redaktion \/ Montag 31.08.2026 Kein Netz, kein doppelter Boden, keine zweiten Chancen. Im \u00d6FB&hellip;\n","protected":false},"author":2,"featured_media":366959,"comment_status":"","ping_status":"","sticky":false,"template":"","format":"standard","meta":{"footnotes":"","_share_on_mastodon":"0"},"categories":[18],"tags":[46,42,115,113,110,112,111,114,44,109,108,116],"class_list":["post-366958","post","type-post","status-publish","format-standard","has-post-thumbnail","category-sport","tag-at","tag-austria","tag-fussball-graz","tag-gac","tag-gak","tag-gak-1902","tag-grazer-ak","tag-grazer-athletiksport-klub","tag-oesterreich","tag-sport","tag-sports","tag-steiermark"],"share_on_mastodon":{"url":"https:\/\/pubeurope.com\/@at\/117191360034976585","error":""},"_links":{"self":[{"href":"https:\/\/www.europesays.com\/at\/wp-json\/wp\/v2\/posts\/366958","targetHints":{"allow":["GET"]}}],"collection":[{"href":"https:\/\/www.europesays.com\/at\/wp-json\/wp\/v2\/posts"}],"about":[{"href":"https:\/\/www.europesays.com\/at\/wp-json\/wp\/v2\/types\/post"}],"author":[{"embeddable":true,"href":"https:\/\/www.europesays.com\/at\/wp-json\/wp\/v2\/users\/2"}],"replies":[{"embeddable":true,"href":"https:\/\/www.europesays.com\/at\/wp-json\/wp\/v2\/comments?post=366958"}],"version-history":[{"count":0,"href":"https:\/\/www.europesays.com\/at\/wp-json\/wp\/v2\/posts\/366958\/revisions"}],"wp:featuredmedia":[{"embeddable":true,"href":"https:\/\/www.europesays.com\/at\/wp-json\/wp\/v2\/media\/366959"}],"wp:attachment":[{"href":"https:\/\/www.europesays.com\/at\/wp-json\/wp\/v2\/media?parent=366958"}],"wp:term":[{"taxonomy":"category","embeddable":true,"href":"https:\/\/www.europesays.com\/at\/wp-json\/wp\/v2\/categories?post=366958"},{"taxonomy":"post_tag","embeddable":true,"href":"https:\/\/www.europesays.com\/at\/wp-json\/wp\/v2\/tags?post=366958"}],"curies":[{"name":"wp","href":"https:\/\/api.w.org\/{rel}","templated":true}]}}