{"id":366992,"date":"2026-08-31T18:01:31","date_gmt":"2026-08-31T18:01:31","guid":{"rendered":"https:\/\/www.europesays.com\/at\/366992\/"},"modified":"2026-08-31T18:01:31","modified_gmt":"2026-08-31T18:01:31","slug":"lionel-messi-erklaert-ruecktritt-aus-nationalteam","status":"publish","type":"post","link":"https:\/\/www.europesays.com\/at\/366992\/","title":{"rendered":"Lionel Messi erkl\u00e4rt R\u00fccktritt aus Nationalteam!"},"content":{"rendered":"<p><a href=\"https:\/\/www.laola1.at\/de\/daten\/news\/fussball\/lionel-messi\/\" class=\"tag\" rel=\"nofollow noopener\" target=\"_blank\">Lionel Messi<\/a> beendet seine Nationalteam-Karriere. <\/p>\n<p>Das gibt der Weltstar \u00fcber einen Monat nach dem WM-Finale 2026, seinem letzten <a href=\"https:\/\/www.laola1.at\/de\/daten\/news\/laenderspiel\/\" class=\"tag\" rel=\"nofollow noopener\" target=\"_blank\">L\u00e4nderspiel<\/a>, via &#8222;Instagram&#8220; bekannt. <\/p>\n<p>&#8222;Es war eine Entscheidung, die wehtat &#8211; und die mir auch jetzt noch tief im Inneren wehtut. Aber ich verstehe, dass die Zeit daf\u00fcr gekommen ist&#8220;, hei\u00dft es unter anderem im emotionalen Statement des achtfachen Ballon-d&#8217;Or-Siegers. <\/p>\n<p>Das zweite Ende einer \u00c4ra<\/p>\n<p>Den Text habe er bereits zwei Tage nach der Niederlage im WM-Finale verfasst. Nach dem Tod seines Vaters reifte nun die Erkenntnis, dass ein R\u00fccktritt die richtige Entscheidung ist. <\/p>\n<p>Mit 125 Toren in 207 L\u00e4nderspielen ist Messi &#8211; nat\u00fcrlich, k\u00f6nnte man fast sagen &#8211; Rekordspieler und Rekordtorsch\u00fctze Argentiniens. Der heute 39-J\u00e4hrige hievte seine Nation zu einem WM-Titel, insgesamt drei WM-Finals und zwei Copa-America-Titeln. <\/p>\n<p>Schon im Jahr 2016 beendete er nach einer bitteren Copa-Finalniederlage erstmals seine Nationalteam-Karriere. Im Spiel darauf war er allerdings wieder dabei. <\/p>\n","protected":false},"excerpt":{"rendered":"Lionel Messi beendet seine Nationalteam-Karriere. Das gibt der Weltstar \u00fcber einen Monat nach dem WM-Finale 2026, seinem letzten&hellip;\n","protected":false},"author":2,"featured_media":366993,"comment_status":"","ping_status":"","sticky":false,"template":"","format":"standard","meta":{"footnotes":"","_share_on_mastodon":"0"},"categories":[18],"tags":[30416,46,42,14210,964,4058,31077,44,16467,109,108],"class_list":["post-366992","post","type-post","status-publish","format-standard","has-post-thumbnail","category-sport","tag-argentinien-teams","tag-at","tag-austria","tag-fifa-wm-2026","tag-fussball","tag-fussball-wm","tag-lionel-messi","tag-oesterreich","tag-ruecktritt","tag-sport","tag-sports"],"share_on_mastodon":{"url":"https:\/\/pubeurope.com\/@at\/117191435054317482","error":""},"_links":{"self":[{"href":"https:\/\/www.europesays.com\/at\/wp-json\/wp\/v2\/posts\/366992","targetHints":{"allow":["GET"]}}],"collection":[{"href":"https:\/\/www.europesays.com\/at\/wp-json\/wp\/v2\/posts"}],"about":[{"href":"https:\/\/www.europesays.com\/at\/wp-json\/wp\/v2\/types\/post"}],"author":[{"embeddable":true,"href":"https:\/\/www.europesays.com\/at\/wp-json\/wp\/v2\/users\/2"}],"replies":[{"embeddable":true,"href":"https:\/\/www.europesays.com\/at\/wp-json\/wp\/v2\/comments?post=366992"}],"version-history":[{"count":0,"href":"https:\/\/www.europesays.com\/at\/wp-json\/wp\/v2\/posts\/366992\/revisions"}],"wp:featuredmedia":[{"embeddable":true,"href":"https:\/\/www.europesays.com\/at\/wp-json\/wp\/v2\/media\/366993"}],"wp:attachment":[{"href":"https:\/\/www.europesays.com\/at\/wp-json\/wp\/v2\/media?parent=366992"}],"wp:term":[{"taxonomy":"category","embeddable":true,"href":"https:\/\/www.europesays.com\/at\/wp-json\/wp\/v2\/categories?post=366992"},{"taxonomy":"post_tag","embeddable":true,"href":"https:\/\/www.europesays.com\/at\/wp-json\/wp\/v2\/tags?post=366992"}],"curies":[{"name":"wp","href":"https:\/\/api.w.org\/{rel}","templated":true}]}}