{"id":367004,"date":"2026-08-31T18:07:15","date_gmt":"2026-08-31T18:07:15","guid":{"rendered":"https:\/\/www.europesays.com\/at\/367004\/"},"modified":"2026-08-31T18:07:15","modified_gmt":"2026-08-31T18:07:15","slug":"bundesliga-strafsenat-sperrt-rotsuender-albert-vallci-und-nicolas-wimmer","status":"publish","type":"post","link":"https:\/\/www.europesays.com\/at\/367004\/","title":{"rendered":"Bundesliga-Strafsenat sperrt Rots\u00fcnder Albert Vallci und Nicolas Wimmer"},"content":{"rendered":"<p>\t\t\t\t\t\t\t\t\t\t\t\t\t\t\t <img decoding=\"async\" src=\"https:\/\/www.europesays.com\/at\/wp-content\/uploads\/2026\/08\/1788199633_876_sturm-graz.png\" alt=\"\"\/> <\/p>\n<p>\t\t\t\t\t\t\t\t\t\t\t\t\t\t\t <img decoding=\"async\" src=\"https:\/\/www.europesays.com\/at\/wp-content\/uploads\/2026\/08\/1788199634_906_wolfsberger-ac.png\" alt=\"\"\/> <\/p>\n<p>Der Strafsenat der \u00d6sterreichischen Fu\u00dfball-Bundesliga befasste sich am heutigen Montag mit zwei Roten Karten des vergangenen Bundesliga-Wochenendes. Nicolas Wimmer vom <a href=\"https:\/\/ticker.ligaportal.at\/mannschaft\/3\/rz-pellets-wac\" rel=\"nofollow noopener\" target=\"_blank\">RZ Pellets WAC<\/a> sowie Albert Vallci vom <a href=\"https:\/\/ticker.ligaportal.at\/mannschaft\/1715\/sk-sturm-graz\" rel=\"nofollow noopener\" target=\"_blank\">SK Sturm Graz<\/a> sahen in der 5. Runde glatt Rot. Dazu fasste der Senat 1 folgende Beschl\u00fcsse:\u00a0<\/p>\n<p><img decoding=\"async\" src=\"https:\/\/www.europesays.com\/at\/wp-content\/uploads\/2026\/08\/vallci-albert-rapid-sturm-30082026-biereder-ringsmuth.jpg\" alt=\"\"\/><\/p>\n<p>Wimmer und Vallci je ein Spiel gesperrt<\/p>\n<p>Nicolas Wimmer erh\u00e4lt f\u00fcr seinen Torraub im Ausw\u00e4rtsspiel gegen den GAK 1902 eine Sperre in der H\u00f6he von einem Spiel.<\/p>\n<p>Der WAC muss damit in der zweiten Runde des \u00d6FB Cups ausw\u00e4rts gegen den SV Parndorf auf seinen Abwehrchef verzichten (Sonntag, 17 Uhr im <a href=\"https:\/\/ticker.ligaportal.at\/live-ticker\/1305810\/sc-esv-parndorf-gegen-rz-pellets-wac\" rel=\"nofollow noopener\" target=\"_blank\">Ligaportal-Liveticker<\/a>).\u00a0<\/p>\n<p>Auch der SK Sturm Graz muss in der zweiten Cup-Runde seinen Abwehrchef vorgeben: Albert Vallci wurde nach seinem Torraub gegen Ercan Kara im Spitzenspiel zwischen\u00a0Rapid und Sturm vom Strafsenat f\u00fcr ein Spiel gesperrt.\u00a0<\/p>\n<p>Das betrifft den Auftritt der Grazer im \u00d6FB-Cup gegen den ASK Voitsberg (Samstag, 15:30 Uhr im <a href=\"https:\/\/ticker.ligaportal.at\/live-ticker\/1305807\/ask-voitsberg-gegen-sk-sturm-graz\" rel=\"nofollow noopener\" target=\"_blank\">Ligaportal-Liveticker<\/a>).\u00a0<\/p>\n<p>Siehe auch:<\/p>\n<p class=\"mt-0 mb-1 text-darkblue\" itemprop=\"headline\"><a class=\"text-darkblue\" href=\"https:\/\/www.ligaportal.at\/bundesliga\/allgemein\/22297-admiral-bundesliga-2026-2027-die-top-ticker-der-runde-5\" rel=\"nofollow noopener\" target=\"_blank\">Bundesliga 2026\/2027: Die TOP-Ticker der Runde 5<\/a><\/p>\n<p>Fotocredit: <a href=\"https:\/\/lb-photo.com\/\" rel=\"nofollow noopener\" target=\"_blank\">LBP Media<\/a> \/ Lukas Biereder<\/p>\n","protected":false},"excerpt":{"rendered":"Der Strafsenat der \u00d6sterreichischen Fu\u00dfball-Bundesliga befasste sich am heutigen Montag mit zwei Roten Karten des vergangenen Bundesliga-Wochenendes. Nicolas&hellip;\n","protected":false},"author":2,"featured_media":367005,"comment_status":"","ping_status":"","sticky":false,"template":"","format":"standard","meta":{"footnotes":"","_share_on_mastodon":"0"},"categories":[8],"tags":[23614,676,40,41,15556,5719,39,38],"class_list":["post-367004","post","type-post","status-publish","format-standard","has-post-thumbnail","category-nachrichten","tag-albert-vallci","tag-bundesliga","tag-nachrichten","tag-news","tag-nicolas-wimmer","tag-oefb-cup","tag-schlagzeilen","tag-top-meldungen"],"share_on_mastodon":{"url":"https:\/\/pubeurope.com\/@at\/117191458964421073","error":""},"_links":{"self":[{"href":"https:\/\/www.europesays.com\/at\/wp-json\/wp\/v2\/posts\/367004","targetHints":{"allow":["GET"]}}],"collection":[{"href":"https:\/\/www.europesays.com\/at\/wp-json\/wp\/v2\/posts"}],"about":[{"href":"https:\/\/www.europesays.com\/at\/wp-json\/wp\/v2\/types\/post"}],"author":[{"embeddable":true,"href":"https:\/\/www.europesays.com\/at\/wp-json\/wp\/v2\/users\/2"}],"replies":[{"embeddable":true,"href":"https:\/\/www.europesays.com\/at\/wp-json\/wp\/v2\/comments?post=367004"}],"version-history":[{"count":0,"href":"https:\/\/www.europesays.com\/at\/wp-json\/wp\/v2\/posts\/367004\/revisions"}],"wp:featuredmedia":[{"embeddable":true,"href":"https:\/\/www.europesays.com\/at\/wp-json\/wp\/v2\/media\/367005"}],"wp:attachment":[{"href":"https:\/\/www.europesays.com\/at\/wp-json\/wp\/v2\/media?parent=367004"}],"wp:term":[{"taxonomy":"category","embeddable":true,"href":"https:\/\/www.europesays.com\/at\/wp-json\/wp\/v2\/categories?post=367004"},{"taxonomy":"post_tag","embeddable":true,"href":"https:\/\/www.europesays.com\/at\/wp-json\/wp\/v2\/tags?post=367004"}],"curies":[{"name":"wp","href":"https:\/\/api.w.org\/{rel}","templated":true}]}}