{"id":367084,"date":"2026-08-31T18:58:19","date_gmt":"2026-08-31T18:58:19","guid":{"rendered":"https:\/\/www.europesays.com\/at\/367084\/"},"modified":"2026-08-31T18:58:19","modified_gmt":"2026-08-31T18:58:19","slug":"eintracht-frankfurt-bundesliga-star-doch-noch-nach-england-bild","status":"publish","type":"post","link":"https:\/\/www.europesays.com\/at\/367084\/","title":{"rendered":"Eintracht Frankfurt: Bundesliga-Star doch noch nach England? &#8211; BILD"},"content":{"rendered":"<p><a href=\"https:\/\/news.google.com\/rss\/articles\/CBMiugFBVV95cUxQVkNFZTFvWmRUMjd5X3lBM015c3ZMQUFFOTNRaGxOTE1TS3g0dTYwYlNtLTM0VnFLU1pOVG1TRmZNelZWOW9ob3hZY2xLTlVkTDZoSGpSblAzblRxQTd1MFRPZnBnejRMVUYwYXVFb0lRZmo4MGdoMDhjYUlfNGpPU0I4eFpna3RTTlBSbk91Nzg0ellzaFhtNHhrTGJ6RmVhN0ZKQ2ZISVlaaVM1TUZIYk91OVk1cU81YlE?oc=5\" target=\"_blank\" rel=\"nofollow noopener\">Eintracht Frankfurt: Bundesliga-Star doch noch nach England?<\/a>&nbsp;&nbsp;BILD<a href=\"https:\/\/news.google.com\/rss\/articles\/CBMiwwFBVV95cUxNV1U0QkdadEstd2hEUTNkcFN6V3ZyMWNueW5wWUwtako1MmQ2UnlWNzZFWmMzaGRYMWlLeDVEbHhsYXVTRkxWMWFucFprUGdiY3ZFMUpSVmRhUWx3cWFzSE9ydkdlQVdNYzZCbTV5clhNa1RoSzY0NFdtZXRkOTJlVHVyX3F0UUxmcmtPeHVfY2lfclRHVDFTTU1MUlF2YTRzdXRtSEs3SHkwQjNMRUVkSURYR0VtWk4xRDNqSUlWU3Z5eVk?oc=5\" target=\"_blank\" rel=\"nofollow noopener\">Wechselt Glasner-Sch\u00fctzling zu Adi H\u00fctter?<\/a>&nbsp;&nbsp;LAOLA1<a href=\"https:\/\/news.google.com\/rss\/articles\/CBMi1AFBVV95cUxQT2o4NUFXbVVVVWtqX1NFQXFXeWdDaHRGZHFfYTZyZHVmRXhMMEQ1eUJfekdiYXVRcFRIMnREdEdGOGZKSS15VjN6SnBreEFzcl9jZkFtYVVXTVVWVHUzUnJaSW5sczBIcGxKN28wUnI1Q2xkenlOUl9wb1ZwamotbFpNdzdqWmNDcnJQNkxlVFBLeVM2RnNQT0IyME13azFxdkVIT0hRcTVmWmQxSWwxLVdWUDlFUFl2Wk8xRXNVSThELXM0N01INEpHbHEwZXpsSzExMg?oc=5\" target=\"_blank\" rel=\"nofollow noopener\">Deadline-Krimi am Main! Vor Eintracht Frankfurt liegen gesch\u00e4ftige Stunden \u2013 samt \u00dcberraschungs-Abgang.<\/a>&nbsp;&nbsp;Absolut Fussball<a href=\"https:\/\/news.google.com\/rss\/articles\/CBMigAJBVV95cUxPNGNnZFZtamdyNlRVeEdvanZ4OFdZaHhQejQ1VWN5WDd3clFVZW93aEdqc01icXh6SUpIUVFuZ0FtWEREamhQOEg5b1UtVXVZdXpmVzM2NkF2VmhDVENYVW1BMlZudXJoR0cyOU9NTkppNmhvb0lRa2lNVDQ1MGw5VTFSVXlsWGQ2N1JoV1VWMkdreFA5UUhnZDFCRUwxYmp6UkNERTF4dlNzenllNWdnT2dPU2lVd01tQU5IdHFTcGh4TElnS3JDNnRKU05qNVdMMm85U3JJNGtpOWJNd1BKNV9NMzM1eml0Mmgyenk2WWp3QkU1XzlGOWhWOXoxc0Y0?oc=5\" target=\"_blank\" rel=\"nofollow noopener\">Frankfurt verhandelt \u00fcber Kalimuendo-R\u00fcckkehr<\/a>&nbsp;&nbsp;n-tv.de<a href=\"https:\/\/news.google.com\/rss\/articles\/CBMitAFBVV95cUxOTjRtcndDdjBtc2tfTDZJMlNDV0hhU3NvQno5M1BrRHBSMzNuRnplbVpIeXdnQWtCUVpoYTg4Uks2VERjcFNFbU9idnJPT1gxM295ZU1sbG41NDJjNmdZOFNScEkyOGd6a05hQ1QxY1ZFSm9UTXU4U3QzZW5tczB6UF9ScGZVX1hRNVVTQ3JaaGxqMlM4X3d5T0c2Tl94ekdzMC1HV1E1WVlLX0RVWlpBNWRINUI?oc=5\" target=\"_blank\" rel=\"nofollow noopener\">Bericht: Crystal Palace und Fulham k\u00e4mpfen um 25-Mio.-Pfund-Mittelfeldmann<\/a>&nbsp;&nbsp;OneFootball<\/p>\n","protected":false},"excerpt":{"rendered":"Eintracht Frankfurt: Bundesliga-Star doch noch nach England?&nbsp;&nbsp;BILDWechselt Glasner-Sch\u00fctzling zu Adi H\u00fctter?&nbsp;&nbsp;LAOLA1Deadline-Krimi am Main! Vor Eintracht Frankfurt liegen gesch\u00e4ftige&hellip;\n","protected":false},"author":2,"featured_media":367085,"comment_status":"","ping_status":"","sticky":false,"template":"","format":"standard","meta":{"footnotes":"","_share_on_mastodon":"0"},"categories":[18],"tags":[46,42,3520,3715,57050,24054,44,20209,109,3719,108],"class_list":["post-367084","post","type-post","status-publish","format-standard","has-post-thumbnail","category-sport","tag-at","tag-austria","tag-eintracht-frankfurt","tag-erste-bundesliga","tag-huetter-adi","tag-kroesche-markus","tag-oesterreich","tag-spielertransfer","tag-sport","tag-sport-leuchtturm-zentral","tag-sports"],"share_on_mastodon":{"url":"https:\/\/pubeurope.com\/@at\/117191658891917163","error":""},"_links":{"self":[{"href":"https:\/\/www.europesays.com\/at\/wp-json\/wp\/v2\/posts\/367084","targetHints":{"allow":["GET"]}}],"collection":[{"href":"https:\/\/www.europesays.com\/at\/wp-json\/wp\/v2\/posts"}],"about":[{"href":"https:\/\/www.europesays.com\/at\/wp-json\/wp\/v2\/types\/post"}],"author":[{"embeddable":true,"href":"https:\/\/www.europesays.com\/at\/wp-json\/wp\/v2\/users\/2"}],"replies":[{"embeddable":true,"href":"https:\/\/www.europesays.com\/at\/wp-json\/wp\/v2\/comments?post=367084"}],"version-history":[{"count":0,"href":"https:\/\/www.europesays.com\/at\/wp-json\/wp\/v2\/posts\/367084\/revisions"}],"wp:featuredmedia":[{"embeddable":true,"href":"https:\/\/www.europesays.com\/at\/wp-json\/wp\/v2\/media\/367085"}],"wp:attachment":[{"href":"https:\/\/www.europesays.com\/at\/wp-json\/wp\/v2\/media?parent=367084"}],"wp:term":[{"taxonomy":"category","embeddable":true,"href":"https:\/\/www.europesays.com\/at\/wp-json\/wp\/v2\/categories?post=367084"},{"taxonomy":"post_tag","embeddable":true,"href":"https:\/\/www.europesays.com\/at\/wp-json\/wp\/v2\/tags?post=367084"}],"curies":[{"name":"wp","href":"https:\/\/api.w.org\/{rel}","templated":true}]}}