{"id":367126,"date":"2026-08-31T19:23:09","date_gmt":"2026-08-31T19:23:09","guid":{"rendered":"https:\/\/www.europesays.com\/at\/367126\/"},"modified":"2026-08-31T19:23:09","modified_gmt":"2026-08-31T19:23:09","slug":"felix-gall-bei-vuelta-im-plansoll","status":"publish","type":"post","link":"https:\/\/www.europesays.com\/at\/367126\/","title":{"rendered":"Felix Gall bei Vuelta im Plansoll"},"content":{"rendered":"<p>Als Dritter mit nicht besonders gro\u00dfem R\u00fcckstand auf den Spitzenreiter ist Felix Gall vor der zweiten Rennwoche der Spanien-Rundfahrt im Plansoll. <\/p>\n<p>Das Sturz-Aus von Dominator Tadej Pogacar er\u00f6ffnet dem Osttiroler sogar Siegchancen, denn nach zehn von 21 Vuelta-Etappen hat der Giro-Zweite mit Enric Mas und Primoz Roglic keine \u00fcberm\u00e4chtigen Gegner vor sich. Von seinen Verfolgern kann ihm wohl nur noch Oscar Onley gef\u00e4hrlich werden.<\/p>\n<p>Gall: &#8222;Nat\u00fcrlich kann man tr\u00e4umen&#8220;<\/p>\n<p>Gall betonte am ersten Ruhetag, dass das Rennen durch das Ausscheiden von Pogacar nat\u00fcrlich offener, aber auch unvorhersehbarer sei. Mit dem m\u00f6glichen Sieg will sich der 28-J\u00e4hrige nicht zu sehr besch\u00e4ftigen. <\/p>\n<p>&#8222;Nat\u00fcrlich kann man tr\u00e4umen. Es scheint eine Riesenchance vom Papier her, es ist niemand mehr am Start, den ich nicht schlagen kann, deswegen ist es aber nicht viel leichter. Jetzt zu sagen, das Ziel ist der Sieg, das w\u00e4re ein bisschen zu viel&#8220;, sagte Gall und erg\u00e4nzte: &#8222;Es tut mir nicht gut, wenn ich dauernd daran denke, was alles m\u00f6glich w\u00e4re. Ich will mich lieber von Tag zu Tag voranarbeiten. Es ist noch ein sehr langer Weg.&#8220;<\/p>\n<p>&#8222;Ich bin kein Jonas oder Tadej&#8220;<\/p>\n<p>Der bisherige Verlauf sei jedenfalls vielversprechend. &#8222;Jetzt bin ich Dritter, das ist schon einmal ein sehr guter Zwischenstand. Ich f\u00fchle mich auch noch sehr gut und ich habe ein starkes Team, das ist das Wichtigste.&#8220; <\/p>\n<p>Der beim Giro hinter Jonas Vingegaard zweitplatzierte Kletterspezialist ist sich seiner St\u00e4rken bewusst. &#8222;Ich bin kein Jonas, ich bin kein Tadej, aber ich brauche mich vor niemanden verstecken. An einem guten Tag, an einem Anstieg, der mir liegt, brauche ich mich vor niemandem f\u00fcrchten.&#8220;<\/p>\n<p>Diese Woche warten mehrere mittelschwere Etappen sowie zwei Bergank\u00fcnfte als besonders gute Gelegenheit zum Angriff. Einen solchen hatte Gall am Sonntag lanciert. Der Schuss ging aber nach hinten los, er verlor etwas Zeit auf seine direkten Konkurrenten. <\/p>\n<p>Mas liegt 1:39 Minuten vor ihm, auf den viermaligen Gesamtsieger Roglic fehlen nur 21 Sekunden. Sein Guthaben auf Onley betr\u00e4gt 41 Sekunden. &#8222;Enric war bisher extrem stark, er hat guten Vorsprung, aber es ist immer noch relativ offen&#8220;, meinte Gall.<\/p>\n<p>Etappensieg auf Wunschzettel<\/p>\n<p>Neben dem n\u00e4chsten Grand-Tour-Podestplatz ist auch ein Etappensieg weiterhin sein gro\u00dfes Ziel. &#8222;Jetzt fehlt der Dominator, deshalb gibt es auch f\u00fcr einen Etappensieg M\u00f6glichkeiten, die es mit Tadej so nicht gegeben hat.&#8220; <\/p>\n<p>Gelingt dieser, w\u00e4re es nach f\u00fcnf zweiten Pl\u00e4tzen hinter Vingegaard beim Giro sein zweiter im Rahmen einer der drei gro\u00dfen Landesrundfahrten. Bisher steht f\u00fcr Gall ein Tageserfolg bei der <a href=\"https:\/\/www.laola1.at\/de\/daten\/news\/radsport\/tour-de-france\/\" class=\"tag\" rel=\"nofollow noopener\" target=\"_blank\">Tour de France<\/a> 2023 zu Buche.<\/p>\n<p>Auch Mas ist alles andere als ein Seriensieger. Der dreimalige Vuelta-Gesamtzweite hat am Sonntag nach achtj\u00e4hriger Pause erst seinen zweiten Tageserfolg bei einer Grand-Tour gefeiert. Der Movistar-Kapit\u00e4n ist wie Gall ein begnadeter Kletterer, beider Hypothek gegen\u00fcber Red-Bull-Routinier Roglic ist ihre Zeitfahrschw\u00e4che. <\/p>\n<p>Diese k\u00f6nnte Mitte der Schlusswoche im Kampf gegen die Uhr noch eine entscheidende Rolle spielen.<\/p>\n<p>Gall von Spitzenreiter Mas \u00fcberrascht<\/p>\n<p>Davor und auch danach erh\u00e4lt Gall im S\u00fcden Spaniens aber noch reichlich Gelegenheiten, seine Bergauf-Qualit\u00e4ten auszuspielen und Mas und Co. Zeit abzunehmen. Die bisherige Leistung von Mas kam f\u00fcr Gall unerwartet. &#8222;Es ist ein bisschen \u00fcberraschend, dass er so stark ist. Aber ich bin gespannt, wie er mit dem Druck umgeht.&#8220;<\/p>\n<p>Im Kampf mit dem Spanier sollte Gall auch seine bisher \u00fcberzeugende Decathlon-Mannschaft um Gregor M\u00fchlberger zugutekommen. Sein auf Gesamtrang neun liegender Kumpel war von 2021 bis 2025 Teamkollege von Mas. <\/p>\n<p>Welche Tipps \u00fcber m\u00f6gliche Schwachstellen von Mas sein Zimmerkollege f\u00fcr ihn parat hat, wollte Gall nicht verraten. Kluge Renntaktik wird aber jedenfalls gefragt sein. &#8222;Diese Woche wollen wir auf den Etappen 12 und 14 gezielt versuchen, unsere St\u00e4rke einzusetzen&#8220;, sagte Gall.<\/p>\n","protected":false},"excerpt":{"rendered":"Als Dritter mit nicht besonders gro\u00dfem R\u00fcckstand auf den Spitzenreiter ist Felix Gall vor der zweiten Rennwoche der&hellip;\n","protected":false},"author":2,"featured_media":367127,"comment_status":"","ping_status":"","sticky":false,"template":"","format":"standard","meta":{"footnotes":"","_share_on_mastodon":"0"},"categories":[8],"tags":[29151,92124,47620,47621,48640,40,41,2217,60883,80135,8329,39,23726,38],"class_list":["post-367126","post","type-post","status-publish","format-standard","has-post-thumbnail","category-nachrichten","tag-decathlon","tag-enric-mas","tag-felix-gall","tag-gregor-muehlberger","tag-jonas-vingegaard","tag-nachrichten","tag-news","tag-oscar","tag-oscar-onley","tag-primoz-roglic","tag-radsport","tag-schlagzeilen","tag-tadej-pogacar","tag-top-meldungen"],"share_on_mastodon":{"url":"https:\/\/pubeurope.com\/@at\/117191757337561806","error":""},"_links":{"self":[{"href":"https:\/\/www.europesays.com\/at\/wp-json\/wp\/v2\/posts\/367126","targetHints":{"allow":["GET"]}}],"collection":[{"href":"https:\/\/www.europesays.com\/at\/wp-json\/wp\/v2\/posts"}],"about":[{"href":"https:\/\/www.europesays.com\/at\/wp-json\/wp\/v2\/types\/post"}],"author":[{"embeddable":true,"href":"https:\/\/www.europesays.com\/at\/wp-json\/wp\/v2\/users\/2"}],"replies":[{"embeddable":true,"href":"https:\/\/www.europesays.com\/at\/wp-json\/wp\/v2\/comments?post=367126"}],"version-history":[{"count":0,"href":"https:\/\/www.europesays.com\/at\/wp-json\/wp\/v2\/posts\/367126\/revisions"}],"wp:featuredmedia":[{"embeddable":true,"href":"https:\/\/www.europesays.com\/at\/wp-json\/wp\/v2\/media\/367127"}],"wp:attachment":[{"href":"https:\/\/www.europesays.com\/at\/wp-json\/wp\/v2\/media?parent=367126"}],"wp:term":[{"taxonomy":"category","embeddable":true,"href":"https:\/\/www.europesays.com\/at\/wp-json\/wp\/v2\/categories?post=367126"},{"taxonomy":"post_tag","embeddable":true,"href":"https:\/\/www.europesays.com\/at\/wp-json\/wp\/v2\/tags?post=367126"}],"curies":[{"name":"wp","href":"https:\/\/api.w.org\/{rel}","templated":true}]}}