{"id":367132,"date":"2026-08-31T19:27:13","date_gmt":"2026-08-31T19:27:13","guid":{"rendered":"https:\/\/www.europesays.com\/at\/367132\/"},"modified":"2026-08-31T19:27:13","modified_gmt":"2026-08-31T19:27:13","slug":"nach-ausschluss-gegen-rapid-so-lange-fehlt-vallci-dem-sk-sturm","status":"publish","type":"post","link":"https:\/\/www.europesays.com\/at\/367132\/","title":{"rendered":"Nach Ausschluss gegen Rapid: So lange fehlt Vallci dem SK Sturm"},"content":{"rendered":"<p>Bundesliga-Vizemeister Sturm Graz muss nach dessen Ausschluss im Schlager bei Rapid (1:3) nur eine Partie auf Albert Vallci verzichten.<\/p>\n<p>Der Innenverteidiger wurde vom Strafsenat wegen seiner Roten Karte wegen Verhinderung einer offensichtlichen Torchance von <a href=\"https:\/\/www.laola1.at\/de\/daten\/news\/ercan-kara\/\" class=\"tag\" rel=\"nofollow noopener\" target=\"_blank\">Ercan Kara<\/a> am Montag f\u00fcr ein Spiel gesperrt. Absitzen kann der 31-J\u00e4hrige die Sperre am Samstag im \u00d6FB-Cup beim <a href=\"https:\/\/www.laola1.at\/de\/daten\/news\/fussball\/ask-voitsberg\/\" class=\"tag\" rel=\"nofollow noopener\" target=\"_blank\">ASK Voitsberg<\/a>. Im Ligaspiel gegen Meister <a href=\"https:\/\/www.laola1.at\/de\/daten\/news\/fussball\/lask\/\" class=\"tag\" rel=\"nofollow noopener\" target=\"_blank\">LASK<\/a> am 13. September ist Vallci wieder spielberechtigt.<\/p>\n<p>Auch WAC-Kapit\u00e4n Nicolas Wimmer kam nach seinem als Torraub gewerteten Handspiel beim <a href=\"https:\/\/www.laola1.at\/de\/daten\/news\/fussball\/gak\/\" class=\"tag\" rel=\"nofollow noopener\" target=\"_blank\">GAK<\/a> (0:0) mit einem Spiel Sperre davon. Der Abwehrspieler fehlt den Wolfsbergern damit nur am Dienstagabend (19.30 Uhr) im Nachtragsspiel beim <a href=\"https:\/\/www.laola1.at\/de\/daten\/news\/fussball\/lask\/\" class=\"tag\" rel=\"nofollow noopener\" target=\"_blank\">LASK<\/a>.<\/p>\n","protected":false},"excerpt":{"rendered":"Bundesliga-Vizemeister Sturm Graz muss nach dessen Ausschluss im Schlager bei Rapid (1:3) nur eine Partie auf Albert Vallci&hellip;\n","protected":false},"author":2,"featured_media":367133,"comment_status":"","ping_status":"","sticky":false,"template":"","format":"standard","meta":{"footnotes":"","_share_on_mastodon":"0"},"categories":[29],"tags":[1069,23614,46,42,9738,964,110,183,2356,15556,5719,44,969,1072],"class_list":["post-367132","post","type-post","status-publish","format-standard","has-post-thumbnail","category-graz","tag-admiral-bundesliga","tag-albert-vallci","tag-at","tag-austria","tag-ercan-kara","tag-fussball","tag-gak","tag-graz","tag-lask","tag-nicolas-wimmer","tag-oefb-cup","tag-oesterreich","tag-sk-rapid","tag-sk-sturm-graz"],"share_on_mastodon":{"url":"https:\/\/pubeurope.com\/@at\/117191773234330765","error":""},"_links":{"self":[{"href":"https:\/\/www.europesays.com\/at\/wp-json\/wp\/v2\/posts\/367132","targetHints":{"allow":["GET"]}}],"collection":[{"href":"https:\/\/www.europesays.com\/at\/wp-json\/wp\/v2\/posts"}],"about":[{"href":"https:\/\/www.europesays.com\/at\/wp-json\/wp\/v2\/types\/post"}],"author":[{"embeddable":true,"href":"https:\/\/www.europesays.com\/at\/wp-json\/wp\/v2\/users\/2"}],"replies":[{"embeddable":true,"href":"https:\/\/www.europesays.com\/at\/wp-json\/wp\/v2\/comments?post=367132"}],"version-history":[{"count":0,"href":"https:\/\/www.europesays.com\/at\/wp-json\/wp\/v2\/posts\/367132\/revisions"}],"wp:featuredmedia":[{"embeddable":true,"href":"https:\/\/www.europesays.com\/at\/wp-json\/wp\/v2\/media\/367133"}],"wp:attachment":[{"href":"https:\/\/www.europesays.com\/at\/wp-json\/wp\/v2\/media?parent=367132"}],"wp:term":[{"taxonomy":"category","embeddable":true,"href":"https:\/\/www.europesays.com\/at\/wp-json\/wp\/v2\/categories?post=367132"},{"taxonomy":"post_tag","embeddable":true,"href":"https:\/\/www.europesays.com\/at\/wp-json\/wp\/v2\/tags?post=367132"}],"curies":[{"name":"wp","href":"https:\/\/api.w.org\/{rel}","templated":true}]}}