{"id":367138,"date":"2026-08-31T19:32:09","date_gmt":"2026-08-31T19:32:09","guid":{"rendered":"https:\/\/www.europesays.com\/at\/367138\/"},"modified":"2026-08-31T19:32:09","modified_gmt":"2026-08-31T19:32:09","slug":"metal-konzerte-tourneen-und-festivals-im-september-2026","status":"publish","type":"post","link":"https:\/\/www.europesays.com\/at\/367138\/","title":{"rendered":"Metal-Konzerte, Tourneen und Festivals im September 2026"},"content":{"rendered":"<p>Die gr\u00f6\u00dften, spannendsten, h\u00e4rtesten Tourneen und Konzerte im September 2026 \u2013 pr\u00e4sentiert von METAL HAMMER.<\/p>\n<p>Alle Live-Termine findet ihr <a href=\"https:\/\/www.metal-hammer.de\/shop\" target=\"_blank\" rel=\"noopener nofollow\">\u00fcbersichtlich im gedruckten Magazin<\/a> (inklusive zahlreicher aktueller Ticket-Verlosungen!), auf <a href=\"https:\/\/www.metal-hammer.de\/konzerte\/\" target=\"_blank\" rel=\"noopener nofollow\">unserer Website<\/a> und im <a href=\"https:\/\/metal-hammer.reservix.de\/\" target=\"_blank\" rel=\"noopener nofollow\">METAL HAMMER-Ticketshop<\/a>.<\/p>\n<p><a href=\"https:\/\/www.metal-hammer.de\/artists\/evanescence\/\" rel=\"nofollow noopener\" target=\"_blank\">Evanescence<\/a> live 2026: Tour, Tickets, Termine, St\u00e4dte<\/p>\n<p><a href=\"https:\/\/www.metal-hammer.de\/artists\/evanescence\/\" rel=\"nofollow noopener\" target=\"_blank\">Evanescence<\/a> werden 2026 wieder auf Tour gehen: Der Auftakt findet in Nordamerika statt, bevor es weiter nach Gro\u00dfbritannien und Europa geht \u2013 darunter auch f\u00fcnf Shows in Deutschland. Als Special Guest wird <a href=\"https:\/\/www.metal-hammer.de\/artists\/poppy\/\" rel=\"nofollow noopener\" target=\"_blank\">Poppy<\/a>\u00a0bei allen UK- und Europa-Konzerten dabei sein, w\u00e4hrend\u00a0<a href=\"https:\/\/www.metal-hammer.de\/artists\/nova-twins\/\" rel=\"nofollow noopener\" target=\"_blank\">Nova Twins<\/a>\u00a0die Shows au\u00dferhalb UK er\u00f6ffnen.<\/p>\n<p><a href=\"https:\/\/www.metal-hammer.de\/metal-hammer-praesentiert-evanescence-2473579\/\" rel=\"nofollow noopener\" target=\"_blank\">&gt;&gt; alle Infos zur Evanescence-Tournee<\/a><\/p>\n<p><img loading=\"lazy\" decoding=\"async\" class=\"aligncenter wp-image-2473587 size-large\" src=\"https:\/\/www.metal-hammer.de\/wp-content\/uploads\/2025\/12\/02\/10\/evanescence-live-2026-819x1024.webp\" alt=\"Evanescence-live-2026\" width=\"819\" height=\"1024\"  \/><\/p>\n<p>\u2013<\/p>\n<p>Um Sound-Schubladen hat sich der sympathische Kieler Erik Cohen noch nie sonderlich gek\u00fcmmert, und so bleiben in seiner k\u00fcnstlerischen Welt die Genre-Grenzen kontinuierlich offen und flie\u00dfend. Classic Rock, Hard Rock, Heavy Metal, Alternative Rock, Punk und Pop m\u00fcssen sich am Ende einfach nicht ausschlie\u00dfen, im Gegenteil.<\/p>\n<p><a href=\"https:\/\/www.metal-hammer.de\/metal-hammer-praesentiert-erik-cohen-6-1199335\/\" rel=\"nofollow noopener\" target=\"_blank\">&gt;&gt; Tickets und Termine<\/a><\/p>\n<p>\u2013<\/p>\n<p><a href=\"https:\/\/www.metal-hammer.de\/artists\/in-extremo\/\" rel=\"nofollow noopener\" target=\"_blank\">In Extremo<\/a> live im September 2026<\/p>\n<p>Die Mittelalter-Metaller In Extremo sind im September sowohl auf den letzten Gigs ihrer Burgentour 2026 als auch auf dem eigenen \u201eWeckt die Toten\u201c-Festival in Halle\/Saale live zu sehen!<\/p>\n<p><a href=\"https:\/\/www.metal-hammer.de\/metal-hammer-praesentiert-in-extremo-burgentour-2026-2471845\/\" rel=\"nofollow noopener\" target=\"_blank\">&gt;&gt; Daten der In Extremo-Burgentour<\/a><\/p>\n<p><a href=\"https:\/\/www.metal-hammer.de\/metal-hammer-praesentiert-weckt-die-toten-festival-2-2447769\/\" rel=\"nofollow noopener\" target=\"_blank\">&gt;&gt; alles zum In Extremo-Festival \u201eWeckt die Toten\u201c<\/a><\/p>\n<p><img loading=\"lazy\" decoding=\"async\" class=\"aligncenter wp-image-2201195 size-large\" src=\"https:\/\/www.europesays.com\/at\/wp-content\/uploads\/2026\/08\/in-extremo_weckt-die-toten-festival-optik-1024x725.jpg\" alt=\"In Extremo\" width=\"1024\" height=\"725\"  \/><\/p>\n<p>\u2013<\/p>\n<p><a href=\"https:\/\/www.metal-hammer.de\/artists\/spiritbox\/\" rel=\"nofollow noopener\" target=\"_blank\">Spiritbox<\/a> Tour 2026 \u2013 pr\u00e4sentiert von METAL HAMMER<\/p>\n<p>Spiritbox sind Ende September beziehungsweise Oktober 2026 in der Republik zu sehen. Dabei dreht die Formation aus Nordamerika ihre Verst\u00e4rker in Berlin, M\u00fcnchen, Frankfurt am Main, Hamburg sowie D\u00fcsseldorf auf. Die f\u00fcnf Gastspiele \u2014 zu denen die Musiker ihr aktuelles Studioalbum <a href=\"https:\/\/www.metal-hammer.de\/reviews\/spiritbox-tsunami-sea\/\" rel=\"nofollow noopener\" target=\"_blank\">TSUNAMI SEA<\/a> im Gep\u00e4ck haben werden \u2014 stellen laut Pressemitteilung \u201eihre bisher gr\u00f6\u00dften Headlinershows in Deutschland\u201c dar. Doch damit nicht genug: Die Gruppe bringt noch zwei hochkar\u00e4tige Vorbands mit. Als Special Guest fahren keine Geringeren als <a href=\"https:\/\/www.metal-hammer.de\/artists\/jinjer\/\" rel=\"nofollow noopener\" target=\"_blank\">Jinjer<\/a> mit, die Abende er\u00f6ffnen werden <a href=\"https:\/\/www.metal-hammer.de\/artists\/dying-wish\/\" rel=\"nofollow noopener\" target=\"_blank\">Dying Wish<\/a>.<\/p>\n<p><a href=\"https:\/\/www.metal-hammer.de\/metal-hammer-praesentiert-spiritbox-2495469\/\" rel=\"nofollow noopener\" target=\"_blank\">&gt;&gt; Tourdaten, Tickets und Infos zu Spiritbox live<\/a><\/p>\n<p>\u2013<\/p>\n<p>METAL HAMMER pr\u00e4sentiert: <a href=\"https:\/\/www.metal-hammer.de\/artists\/tarja\/\" rel=\"nofollow noopener\" target=\"_blank\">Tarja<\/a> live 2026<\/p>\n<p>Tarja kehrt 2026 mit voller Kraft auf die Heavy-B\u00fchne zur\u00fcck. \u201eFrisson Live 2026\u201c markiert den Beginn eines neuen k\u00fcnstlerischen Kapitels.<\/p>\n<p><a href=\"https:\/\/www.metal-hammer.de\/metal-hammer-praesentiert-tarja-5-2493525\/\" rel=\"nofollow noopener\" target=\"_blank\">&gt;&gt; Tickets und Termine<\/a><\/p>\n<p><img loading=\"lazy\" decoding=\"async\" class=\"aligncenter wp-image-2493535 size-large\" src=\"https:\/\/www.metal-hammer.de\/wp-content\/uploads\/2026\/02\/17\/10\/tarja-tour-2026-poster-819x1024.webp\" alt=\"Tarja\" width=\"819\" height=\"1024\"  \/><\/p>\n<p>\u2013<\/p>\n<p>W\u00e4hrend sein neues Album THE MOTH im Mai erschienen ist, dreht Devin Townsend im September 2026 seine Verst\u00e4rker in Hamburg, M\u00fcnchen und K\u00f6ln bei der \u201eThe Metamorphosis Solo Tour\u201c auf.<\/p>\n<p><a href=\"https:\/\/www.metal-hammer.de\/metal-hammer-praesentiert-devin-townsend-3-2515657\/\" rel=\"nofollow noopener\" target=\"_blank\">&gt;&gt; alle Infos, Tickets und Tourdaten<\/a><\/p>\n<p>\u2014<br \/>Bestens informiert \u00fcber dieses und alle weiteren wichtigen Themen im Metal bleibt ihr au\u00dferdem mit unserem Newsletter. Einmal pro Woche flattert euch \u00fcbersichtlich sortiert ein Update ins Postfach. <a href=\"https:\/\/www.metal-hammer.de\/news\/newsletter\/\" target=\"_blank\" rel=\"noopener noreferrer nofollow\">Einfach anmelden<\/a>, damit euch auch sicher nichts entgeht.<\/p>\n<p class=\"wp-block-paragraph\">Exklusive Airbourne-Vinyl-7\u201c nur zusammen mit der aktuellen METAL HAMMER-Ausgabe: Jetzt am Kiosk oder direkt portofrei nach Hause zu bestellen! Alle Infos unter <a href=\"https:\/\/www.metal-hammer.de\/airbourne\" rel=\"nofollow noopener\" target=\"_blank\">www.metal-hammer.de\/airbourne<\/a>.<\/p>\n","protected":false},"excerpt":{"rendered":"Die gr\u00f6\u00dften, spannendsten, h\u00e4rtesten Tourneen und Konzerte im September 2026 \u2013 pr\u00e4sentiert von METAL HAMMER. Alle Live-Termine findet&hellip;\n","protected":false},"author":2,"featured_media":367139,"comment_status":"","ping_status":"","sticky":false,"template":"","format":"standard","meta":{"footnotes":"","_share_on_mastodon":"0"},"categories":[24],"tags":[2403,46,42,147,40896,778,2973,153,154,44,2974,2975,11080,5159,2976,11081,148],"class_list":["post-367138","post","type-post","status-publish","format-standard","has-post-thumbnail","category-musik","tag-termine","tag-at","tag-austria","tag-entertainment","tag-festivals-2026","tag-konzerte","tag-live","tag-music","tag-musik","tag-oesterreich","tag-praesentation","tag-tour-2026","tag-tour-des-monats","tag-tourdaten","tag-tournee","tag-tourneen-des-monats","tag-unterhaltung"],"share_on_mastodon":{"url":"https:\/\/pubeurope.com\/@at\/117191793315921874","error":""},"_links":{"self":[{"href":"https:\/\/www.europesays.com\/at\/wp-json\/wp\/v2\/posts\/367138","targetHints":{"allow":["GET"]}}],"collection":[{"href":"https:\/\/www.europesays.com\/at\/wp-json\/wp\/v2\/posts"}],"about":[{"href":"https:\/\/www.europesays.com\/at\/wp-json\/wp\/v2\/types\/post"}],"author":[{"embeddable":true,"href":"https:\/\/www.europesays.com\/at\/wp-json\/wp\/v2\/users\/2"}],"replies":[{"embeddable":true,"href":"https:\/\/www.europesays.com\/at\/wp-json\/wp\/v2\/comments?post=367138"}],"version-history":[{"count":0,"href":"https:\/\/www.europesays.com\/at\/wp-json\/wp\/v2\/posts\/367138\/revisions"}],"wp:featuredmedia":[{"embeddable":true,"href":"https:\/\/www.europesays.com\/at\/wp-json\/wp\/v2\/media\/367139"}],"wp:attachment":[{"href":"https:\/\/www.europesays.com\/at\/wp-json\/wp\/v2\/media?parent=367138"}],"wp:term":[{"taxonomy":"category","embeddable":true,"href":"https:\/\/www.europesays.com\/at\/wp-json\/wp\/v2\/categories?post=367138"},{"taxonomy":"post_tag","embeddable":true,"href":"https:\/\/www.europesays.com\/at\/wp-json\/wp\/v2\/tags?post=367138"}],"curies":[{"name":"wp","href":"https:\/\/api.w.org\/{rel}","templated":true}]}}