{"id":367224,"date":"2026-08-31T20:28:12","date_gmt":"2026-08-31T20:28:12","guid":{"rendered":"https:\/\/www.europesays.com\/at\/367224\/"},"modified":"2026-08-31T20:28:12","modified_gmt":"2026-08-31T20:28:12","slug":"gewaltvorwuerfe-gegen-jp-kraemer-firmen-ziehen-konsequenzen","status":"publish","type":"post","link":"https:\/\/www.europesays.com\/at\/367224\/","title":{"rendered":"Gewaltvorw\u00fcrfe gegen JP Kraemer: Firmen ziehen Konsequenzen"},"content":{"rendered":"<p>Sein Imperium br\u00f6ckelt nach dem GewaltvideoNach schweren Vorw\u00fcrfen: Jetzt springen JP Kraemer die Partner ab<\/p>\n<p class=\"AnnotatedMarkup_paragraph__IUT9l\">Jetzt bekommt JP Kraemer die Folgen der Vorw\u00fcrfe auch gesch\u00e4ftlich zu sp\u00fcren. <br \/>Unternehmen gehen auf Distanz, Kooperationen stehen auf der Kippe \u2013 und selbst Teile seiner treuen YouTube-Community wenden sich offenbar von ihm ab. Die Gewaltvorw\u00fcrfe gegen den Dortmunder Unternehmer und Influencer ziehen immer weitere Kreise.<\/p>\n<p>Ein Partner nach dem anderen geht auf Distanz<\/p>\n<p class=\"AnnotatedMarkup_paragraph__IUT9l\">Das Gesch\u00e4ft von Jean Pierre \u201eJP\u201d Kraemer (45) ger\u00e4t ins Wanken. Innerhalb weniger Tage haben mehrere Partner die Zusammenarbeit mit dem Dortmunder Tuning-Unternehmer beendet oder gemeinsame Produkte aus dem Sortiment genommen. Ausl\u00f6ser sind die Vorw\u00fcrfe der h\u00e4uslichen Gewalt, zu denen sich Kraemer in zwei YouTube-Videos selbst ge\u00e4u\u00dfert hat.<\/p>\n<p class=\"AnnotatedMarkup_paragraph__IUT9l\">Den Anfang machte der Energydrink-Hersteller G\u00f6nrgy, das Label des Streamers MontanaBlack. \u201eAus gegebenem Anlass beenden wir die Zusammenarbeit mit Jean Pierre Kraemer\u201d,\u00a0teilte die Marke auf Instagram mit. \u201eWir distanzieren uns deutlich von Gewalt gegen Frauen und generell von Gewalt in egal welcher Form.\u201d<\/p>\n<p class=\"AnnotatedMarkup_paragraph__IUT9l\">Lese-Tipp: <a href=\"https:\/\/www.rtl.de\/unterhaltung\/stars\/jp-kraemer-fotos-zeigen-verletzungen-seiner-ehefrau-julia-meck-id31251124.html\" target=\"_self\" rel=\"nofollow noopener\">Fotos zeigen Verletzungen von JP Kraemers Ehefrau<\/a><\/p>\n<p class=\"AnnotatedMarkup_paragraph__IUT9l\">Der Streamingdienst Joyn hat \u201ePS Profis &#8211; Mehr Power aus dem Pott\u201d aus dem Programm genommen, die Sendung ist dort nicht mehr abrufbar. Dieses Format hatte Kraemer an der Seite von Sidney Hoffmann bundesweit bekannt gemacht. \u201eJoyn zeigt die von Ihnen angefragten Programme bis auf Weiteres nicht mehr\u201d,\u00a0best\u00e4tigte ein Sprecher des Streamingdienstes gegen\u00fcber RTL.de.<\/p>\n<p class=\"AnnotatedMarkup_paragraph__IUT9l\">Auch Borussia Dortmund ist auf Distanz gegangen. Die gemeinsame Modekollektion ist aus dem Fanshop verschwunden. \u201eDie gemeinsame BVB-JP-Modekollektion ist nicht mehr Bestandteil unseres Sortiments und wird daher auf unserer Webseite nicht mehr angeboten\u201d,\u00a0teilte der Verein Focus online mit.<\/p>\n<p class=\"AnnotatedMarkup_paragraph__IUT9l\">Porsche wiederum hat einen Archivbeitrag \u00fcber einen Boxermotor offline genommen, in dem Kraemer zu Wort kam.<\/p>\n<p>Erst R\u00fcckhalt \u2013 dann dreht sich die Stimmung<\/p>\n<p class=\"AnnotatedMarkup_paragraph__IUT9l\">Als sich Kraemer am\u00a028. August zum ersten Mal selbst zu den Vorw\u00fcrfen\u00a0\u00e4u\u00dferte, fiel die Reaktion vieler Zuschauer erstaunlich milde aus. Etliche lobten ihn f\u00fcr seine Offenheit, baten ihn, weiterzumachen und sicherten ihm ihre Unterst\u00fctzung zu. Dabei hatte Kraemer in diesem Video selbst einger\u00e4umt, seine Ehefrau Julia Meck (25) geschlagen zu haben, gab ihr aber noch eine Teilschuld an der Dynamik.<\/p>\n<p class=\"AnnotatedMarkup_paragraph__IUT9l\">In einem zweiten Statement zeigte Kraemer Ausschnitte aus einer \u00dcberwachungsaufnahme vom November 2024, die zuvor an die \u00d6ffentlichkeit gelangt war. Darauf ist zu sehen, wie er Meck am Hals packt, sie wegschleudert, gegen eine Wand dr\u00fcckt und in ihre Haare greift. \u201eDas Traurige ist: Von diesen Situationen gab es welche\u201d, sagte er dazu.<\/p>\n<p class=\"AnnotatedMarkup_paragraph__IUT9l\">Lese-Tipp: <a href=\"https:\/\/www.rtl.de\/unterhaltung\/stars\/joyn-streicht-ps-profis-von-jp-kraemer-nach-gewaltgestaendnis-id31250673.html\" target=\"_self\" rel=\"nofollow noopener\">Streaming-Aus f\u00fcr PS-Profi JP Kraemer<\/a><\/p>\n<p class=\"AnnotatedMarkup_paragraph__IUT9l\">Unter diesem Video liest sich die Kommentarspalte v\u00f6llig anders als wenige Tage zuvor. \u201eDas ist schon krass. Deutlich heftiger, als im Ursprungsvideo geschildert\u201d, schreibt ein Nutzer. Ein anderer h\u00e4lt fest: \u201eJetzt gerade ist echt was zerbrochen.\u201d<\/p>\n<p class=\"AnnotatedMarkup_paragraph__IUT9l\">Viele nehmen ihm die Entschuldigung nicht ab. \u201eIhm tut es am meisten leid, dass er erwischt wurde\u201d, hei\u00dft es etwa. Ein anderer Zuschauer wird deutlicher: \u201eEntschuldige dich nicht bei deinen Fans. Du versuchst deinen Kragen zu retten. Du bist definitiv zu weit gegangen.\u201d Und: \u201eKein Mitleid!!! Und sich dabei selbst die gro\u00dfe B\u00fchne zu geben. Abartig.\u201d<\/p>\n<p class=\"AnnotatedMarkup_paragraph__IUT9l\">Den Umschwung registriert die Community selbst: \u201eUnfassbar wie die Stimmung von dem einem zum anderen Video in den Kommentaren extrem gekippt ist.\u201d In einer Erg\u00e4nzung schiebt derselbe Nutzer nach: \u201enat\u00fcrlich zu Recht\u201d.<\/p>\n<p>Anzeige:<\/p>\n<p>Empfehlungen unserer Partner<\/p>\n<p>\u201eIch bin wie auf Eiern gelaufen\u201d<\/p>\n<p class=\"AnnotatedMarkup_paragraph__IUT9l\">Nach Kraemers beiden Videos schilderte auch Julia Meck\u00a0gegen\u00fcber der Bild-Zeitung\u00a0ihre Sicht auf die Ehe. Der psychische Druck habe demnach lange vor den k\u00f6rperlichen \u00dcbergriffen begonnen. Kraemer habe ihr Aussehen kritisiert, ihre Art zu lachen, ihre Kleidung. Selbst ein freundliches \u201eHallo\u201d in Richtung anderer M\u00e4nner sei ein Problem gewesen.<\/p>\n<p class=\"AnnotatedMarkup_paragraph__IUT9l\">Wie weit sie ging, um Streit zu vermeiden, fasst ein Satz zusammen: \u201eIch bin wie auf Eiern gelaufen.\u201d Sogar ihre Mimik habe sie kontrolliert, eine gerunzelte Stirn habe ihn bereits provoziert. Irgendwann habe sie deshalb ein Mimik-Coaching gemacht.<\/p>\n<p>Hier findet ihr Hilfe bei h\u00e4uslicher Gewalt<\/p>\n<p>Gibt es auch in eurem Leben h\u00e4usliche Gewalt? Unter der kostenlosen Telefonnummer 08000 \u2013 116 016 oder unter <a href=\"https:\/\/www.hilfetelefon.de\/\" target=\"_self\" rel=\"Follow nofollow noopener\">www.hilfetelefon.de<\/a> findet ihr Menschen, mit denen ihr dar\u00fcber sprechen k\u00f6nnt.<\/p>\n<p>Polizeieinsatz und Ann\u00e4herungsverbot<\/p>\n<p class=\"AnnotatedMarkup_paragraph__IUT9l\">Wenige Monate nach der Hochzeit sei Kraemer k\u00f6rperlich \u00fcbergriffig geworden, sagte Meck der Zeitung. Zuerst habe er ihr ins Gesicht gefasst und zugedr\u00fcckt, sp\u00e4ter sei es immer h\u00e4ufiger zu Gewalt gekommen. \u201eIch hatte immer Angst. Das ist ja ein gro\u00dfer Mann, der da auf mich zukommt. Alle paar Wochen ist es eskaliert.\u201d Bei einem der Vorf\u00e4lle habe sie Todesangst gehabt.<\/p>\n<p class=\"AnnotatedMarkup_paragraph__IUT9l\">Am 26. Juli r\u00fcckte die Polizei in der Dortmunder Villa des Paares an. In seinem ersten YouTube-Statement r\u00e4umte Kraemer einen Schlag mit der flachen Hand und das Herunterrei\u00dfen einer Kette ein. Meck stellte nach Bild-Informationen Strafantrag, gegen Kraemer besteht demnach ein sechsmonatiges Ann\u00e4herungsverbot. Die Polizei ermittelt, wie mehrere Medien \u00fcbereinstimmend berichten.<\/p>\n<p class=\"AnnotatedMarkup_paragraph__IUT9l\">Kraemer hat angek\u00fcndigt, sich eine Auszeit zu nehmen und eine Therapie zu beginnen.<\/p>\n<p class=\"AnnotatedMarkup_paragraph__IUT9l\">Verwendete Quelle: Spot on news<\/p>\n","protected":false},"excerpt":{"rendered":"Sein Imperium br\u00f6ckelt nach dem GewaltvideoNach schweren Vorw\u00fcrfen: Jetzt springen JP Kraemer die Partner ab Jetzt bekommt JP&hellip;\n","protected":false},"author":2,"featured_media":367225,"comment_status":"","ping_status":"","sticky":false,"template":"","format":"standard","meta":{"footnotes":"","_share_on_mastodon":"0"},"categories":[25],"tags":[90996,46,42,175,653,147,2589,23725,13309,91603,649,44,647,652,651,39,156,155,650,148,648],"class_list":["post-367224","post","type-post","status-publish","format-standard","has-post-thumbnail","category-serien","tag-ah-analytics","tag-at","tag-austria","tag-celebrities","tag-ems_unterhaltung_stars","tag-entertainment","tag-gewalt","tag-gewalt-an-frauen","tag-haeusliche-gewalt","tag-jp-kraemer","tag-klatsch-und-tratsch","tag-oesterreich","tag-promi-news","tag-promi-news-aktuell","tag-promis","tag-schlagzeilen","tag-serien","tag-series","tag-star-news","tag-unterhaltung","tag-vip-news"],"share_on_mastodon":{"url":"https:\/\/pubeurope.com\/@at\/117192012868487498","error":""},"_links":{"self":[{"href":"https:\/\/www.europesays.com\/at\/wp-json\/wp\/v2\/posts\/367224","targetHints":{"allow":["GET"]}}],"collection":[{"href":"https:\/\/www.europesays.com\/at\/wp-json\/wp\/v2\/posts"}],"about":[{"href":"https:\/\/www.europesays.com\/at\/wp-json\/wp\/v2\/types\/post"}],"author":[{"embeddable":true,"href":"https:\/\/www.europesays.com\/at\/wp-json\/wp\/v2\/users\/2"}],"replies":[{"embeddable":true,"href":"https:\/\/www.europesays.com\/at\/wp-json\/wp\/v2\/comments?post=367224"}],"version-history":[{"count":0,"href":"https:\/\/www.europesays.com\/at\/wp-json\/wp\/v2\/posts\/367224\/revisions"}],"wp:featuredmedia":[{"embeddable":true,"href":"https:\/\/www.europesays.com\/at\/wp-json\/wp\/v2\/media\/367225"}],"wp:attachment":[{"href":"https:\/\/www.europesays.com\/at\/wp-json\/wp\/v2\/media?parent=367224"}],"wp:term":[{"taxonomy":"category","embeddable":true,"href":"https:\/\/www.europesays.com\/at\/wp-json\/wp\/v2\/categories?post=367224"},{"taxonomy":"post_tag","embeddable":true,"href":"https:\/\/www.europesays.com\/at\/wp-json\/wp\/v2\/tags?post=367224"}],"curies":[{"name":"wp","href":"https:\/\/api.w.org\/{rel}","templated":true}]}}