{"id":367256,"date":"2026-08-31T20:46:08","date_gmt":"2026-08-31T20:46:08","guid":{"rendered":"https:\/\/www.europesays.com\/at\/367256\/"},"modified":"2026-08-31T20:46:08","modified_gmt":"2026-08-31T20:46:08","slug":"mit-46-zum-ersten-mal-mama-diese-stars-bekamen-mit-ue40-babys-tiroler-tageszeitung","status":"publish","type":"post","link":"https:\/\/www.europesays.com\/at\/367256\/","title":{"rendered":"Mit 46 zum ersten Mal Mama: Diese Stars bekamen mit \u00dc40 Babys &#8211; Tiroler Tageszeitung"},"content":{"rendered":"<p><a href=\"https:\/\/news.google.com\/rss\/articles\/CBMingFBVV95cUxPbG8yZ3BFdVFtNGppNDZwNmh5TkxaWDE4U2UtdzFqY0o3Rl9GRFNGQXZnS2JGcnNnYTJaZnFrNmFtWENRX0ozdW9LWUFjMUpYUEtYYXhQQ1pGQ3dzZnJZd0EyVkE0M1pKZ2RiRWJxNU94Wl94aWxzSTNkLXgyZnllYlNhOVZhX3BoZHJTX3QyU242WXlHNVhtYkFILThOQQ?oc=5\" target=\"_blank\" rel=\"nofollow noopener\">Mit 46 zum ersten Mal Mama: Diese Stars bekamen mit \u00dc40 Babys<\/a>&nbsp;&nbsp;Tiroler Tageszeitung<a href=\"https:\/\/news.google.com\/rss\/articles\/CBMiogFBVV95cUxOcVhzUVoxRmcxRzktUDFrZ2FJMlNPYk1rQXNZMDFwcUN4ZVFURmNpS3hSTHlua2RobVZUT2FBRHRtVVJRMlBsQVZzMERDMk51cTF3WlVBQk9vT0dIcmtjM2RZOXBjOFVNWjB3aWoxTDIwOHRaWUNPWU1ZaEg4bUMtWXd2MFRCeUlvRXlNSTZEaGlVRnZlUmlobWZ5Qy0yTV9SaFE?oc=5\" target=\"_blank\" rel=\"nofollow noopener\">Bundeskanzler k\u00fcndigt steuerfreies Zukunftsdepot f\u00fcr Kinder an<\/a>&nbsp;&nbsp;Tiroler Tageszeitung<a href=\"https:\/\/news.google.com\/rss\/articles\/CBMiigFBVV95cUxQZGFHNENnRzR0ZGFtU0QtTWFvZTdRNF93Q1Ruc3NoNFdHN0dGUER2eU8xRTMzbm1UOXZOV0JrRGtjcy1wTnJwN055YXNPeVdrdTJaNDBYRlVscHdoTEtxcVZLUHBRcTVnTXlCaktqQzgwU0txeDlvUGdpbHcxZGFlZVVyMlZhbk9QN3c?oc=5\" target=\"_blank\" rel=\"nofollow noopener\">&#8222;Nur noch wenige Monate&#8220; \u2013 Ex-Minister warnt: Ukraine droht Kriegs-Niederlage<\/a>&nbsp;&nbsp;heute.at<a href=\"https:\/\/news.google.com\/rss\/articles\/CBMiwAFBVV95cUxNSmYwWmF6a0RUSjR1ZmdDaF9aX25IZG9WNl9xdF8tY2otU0k5OC1sMGR3cVczZk1NX3lXZnFCSjYzcHBpbnRBZXo2azNTTEo1SVZyOHkyaTBpZWkwRDdibUZ6MUxhU1RXUTFxN1N5d090NnlzYVl3SWxITzRDZEE4aHFGYTJ2UXVlWnNuWTNHWUNWQkc4LW9acFFPTE9rZ0pES25lOVpGNDNXZ2VfUHBpVS1VakJGZFhzbkNhTE9iOWM?oc=5\" target=\"_blank\" rel=\"nofollow noopener\">Lkw und Auto in Roppener Tunnel kollidiert: Zwei Verletzte, Tunnel in beide Richtungen zu<\/a>&nbsp;&nbsp;Tiroler Tageszeitung<a href=\"https:\/\/news.google.com\/rss\/articles\/CBMisgFBVV95cUxOaTFaMkhDZk5GQmdqZjFpQ0RheG83RHdZVGxMNVlEUllNQzBkZEpidm1kZXF6R25NdUpSQ1EzNTZGamZLT0NLeHVWM3ZacEs4M1V1NXY1eVY2NWFNM05xWWtOSExZWnFzemdzcmhFZDFUemRRQ2k2a0lkbDhiQkxhYVB5R2hKZ1B5b2lLTUFCUGVrVlRYVFJiSG0yS3d4VVFFNGdYb0VBdlBRMWx2d0dCQ09n?oc=5\" target=\"_blank\" rel=\"nofollow noopener\">Teure Flucht: Warum m\u00fcssen von Gewalt betroffene Frauen im Frauenhaus zahlen?<\/a>&nbsp;&nbsp;Tiroler Tageszeitung<\/p>\n","protected":false},"excerpt":{"rendered":"Mit 46 zum ersten Mal Mama: Diese Stars bekamen mit \u00dc40 Babys&nbsp;&nbsp;Tiroler TageszeitungBundeskanzler k\u00fcndigt steuerfreies Zukunftsdepot f\u00fcr Kinder&hellip;\n","protected":false},"author":2,"featured_media":367257,"comment_status":"","ping_status":"","sticky":false,"template":"","format":"standard","meta":{"footnotes":"","_share_on_mastodon":"0"},"categories":[27],"tags":[46,42,18703,19508,175,147,782,4684,92359,41349,13185,6225,92361,44,176,2159,92360,148],"class_list":["post-367256","post","type-post","status-publish","format-standard","has-post-thumbnail","category-prominente","tag-at","tag-austria","tag-brigitte-nielsen","tag-cameron-diaz","tag-celebrities","tag-entertainment","tag-freizeit","tag-geburt","tag-hilary-swank","tag-janet-jackson","tag-jeanette-biedermann","tag-kuenstliche-befruchtung","tag-mutterglueck","tag-oesterreich","tag-prominente","tag-schwangerschaft","tag-spaete-mutterschaft","tag-unterhaltung"],"share_on_mastodon":{"url":"https:\/\/pubeurope.com\/@at\/117192083557481211","error":""},"_links":{"self":[{"href":"https:\/\/www.europesays.com\/at\/wp-json\/wp\/v2\/posts\/367256","targetHints":{"allow":["GET"]}}],"collection":[{"href":"https:\/\/www.europesays.com\/at\/wp-json\/wp\/v2\/posts"}],"about":[{"href":"https:\/\/www.europesays.com\/at\/wp-json\/wp\/v2\/types\/post"}],"author":[{"embeddable":true,"href":"https:\/\/www.europesays.com\/at\/wp-json\/wp\/v2\/users\/2"}],"replies":[{"embeddable":true,"href":"https:\/\/www.europesays.com\/at\/wp-json\/wp\/v2\/comments?post=367256"}],"version-history":[{"count":0,"href":"https:\/\/www.europesays.com\/at\/wp-json\/wp\/v2\/posts\/367256\/revisions"}],"wp:featuredmedia":[{"embeddable":true,"href":"https:\/\/www.europesays.com\/at\/wp-json\/wp\/v2\/media\/367257"}],"wp:attachment":[{"href":"https:\/\/www.europesays.com\/at\/wp-json\/wp\/v2\/media?parent=367256"}],"wp:term":[{"taxonomy":"category","embeddable":true,"href":"https:\/\/www.europesays.com\/at\/wp-json\/wp\/v2\/categories?post=367256"},{"taxonomy":"post_tag","embeddable":true,"href":"https:\/\/www.europesays.com\/at\/wp-json\/wp\/v2\/tags?post=367256"}],"curies":[{"name":"wp","href":"https:\/\/api.w.org\/{rel}","templated":true}]}}