{"id":367293,"date":"2026-08-31T21:12:07","date_gmt":"2026-08-31T21:12:07","guid":{"rendered":"https:\/\/www.europesays.com\/at\/367293\/"},"modified":"2026-08-31T21:12:07","modified_gmt":"2026-08-31T21:12:07","slug":"gruen-weisses-juwel-abgang-fix-romeo-amane-verlaesst-den-sk-rapid-kronen-zeitung","status":"publish","type":"post","link":"https:\/\/www.europesays.com\/at\/367293\/","title":{"rendered":"Gr\u00fcn-wei\u00dfes Juwel &#8211; Abgang fix! Romeo Amane verl\u00e4sst den SK Rapid &#8211; Kronen Zeitung"},"content":{"rendered":"<p><a href=\"https:\/\/news.google.com\/rss\/articles\/CBMiQkFVX3lxTE0wYUdSVkJLeVZUU290VUVycWJoaU4xanJXUGxzV3pMb00yT05KUVZ0a0U3ZEZ4QmRBLXZUTXBURUd5dw?oc=5\" target=\"_blank\" rel=\"nofollow noopener\">Gr\u00fcn-wei\u00dfes Juwel &#8211; Abgang fix! Romeo Amane verl\u00e4sst den SK Rapid<\/a>&nbsp;&nbsp;Kronen Zeitung<a href=\"https:\/\/news.google.com\/rss\/articles\/CBMipAFBVV95cUxOUzBiQUVyaENndk5DSUgxRlBJNmt5N0pmMTRyTHZDQThNSE5rdkhXUm9rcEVCS2xlSHVtMWZrdlBEbDBPSVlpVzFTXzVvWU9BS3FGNnAzczlEMVVWWWo4bzkzdEZ1Y19DTHBvZm5tdVJiZTRTanozbWU3czZyLU1NZURpanR1WGU3U04yQ1ZMdDJQNlloTElXd2tLUnY0bEllUXF5RQ?oc=5\" target=\"_blank\" rel=\"nofollow noopener\">Rapid-Trio im hei\u00dfen Transferfinish: Amane wird in Belgien landen<\/a>&nbsp;&nbsp;Kurier<a href=\"https:\/\/news.google.com\/rss\/articles\/CBMiogFBVV95cUxObWhxeGFUTi1OVTFDU0pUODZ5NnZTWlU0RVBBNDBBalBlUjJLaEY4MEJsZ2p6eTY3bXRxRVY5d0c5MnlzNHVxUzVhUVhDanZPU05HY1lVVVowc0MyWl9kdFpISm9TbnQ5V280RkRQcWwzWUpla1NBbWhqbnRXT09PMDloR3VwSUFlSE93RWp5YVU5MV9mM0RUbTlBeWdKeExTNEE?oc=5\" target=\"_blank\" rel=\"nofollow noopener\">SK Rapid: Dieser Klub soll an Amane dran sein<\/a>&nbsp;&nbsp;LAOLA1<a href=\"https:\/\/news.google.com\/rss\/articles\/CBMixgFBVV95cUxNeXBmejdpTTk4Y05NOHJtdnRZWUgwdXFtYnZUUjgzckw4cFJISWdjNG94ckJCM1VjVndNWHlmWmZxYmljODJydXVSdUtLdThrTGt4UlF5dGd0NGJ5eGt5NHgxWEF0bmNPUUFGczhlSzZscU4tM2djM2ZWX3IxRXdhamNWOWlTRzgtVTl2eXFGSEt4WkMyNjB5TXNsVWlva3FRUGtBYWN3V2dPWXhQM0lGb2k2bHlTMkstV2lJX3plcm1ERTRlLUE?oc=5\" target=\"_blank\" rel=\"nofollow noopener\">Wechsel steht bevor: Dieser Klub will Romeo Amane vom SK Rapid verpflichten<\/a>&nbsp;&nbsp;Ligaportal<a href=\"https:\/\/news.google.com\/rss\/articles\/CBMif0FVX3lxTFBUa1RTMzdPUG5ybkhUYkpNOFd1MTlaWUxjSWRfX0JSSklVWTZlczBPLWpVWHE0cUo4V2J0VlNnZFFkV2lWN1djX2I5OEs4dWtvUktMOXNSX1BCQTdnRUVGeXFDWktsT3ZaajBBZ3FwU1JYX215S0ZsY29mU1ZFY1E?oc=5\" target=\"_blank\" rel=\"nofollow noopener\">Wechsel zu Rekordmeister \u2013 Rapid-Juwel sp\u00fclt Millionen in die Kassa<\/a>&nbsp;&nbsp;Heute<\/p>\n","protected":false},"excerpt":{"rendered":"Gr\u00fcn-wei\u00dfes Juwel &#8211; Abgang fix! Romeo Amane verl\u00e4sst den SK Rapid&nbsp;&nbsp;Kronen ZeitungRapid-Trio im hei\u00dfen Transferfinish: Amane wird in&hellip;\n","protected":false},"author":2,"featured_media":367294,"comment_status":"","ping_status":"","sticky":false,"template":"","format":"standard","meta":{"footnotes":"","_share_on_mastodon":"0"},"categories":[18],"tags":[92365,32631,46,42,1347,6800,532,1415,51766,44,41201,19666,75808,8976,1275,969,40267,109,108,92366],"class_list":["post-367293","post","type-post","status-publish","format-standard","has-post-thumbnail","category-sport","tag-afc-wrexham","tag-amane","tag-at","tag-austria","tag-belgien","tag-bruessel","tag-frankreich","tag-grossbritannien","tag-olympique-marseille","tag-oesterreich","tag-rc-lens","tag-romeo-amane","tag-rsc-anderlecht","tag-schwedischen","tag-sk","tag-sk-rapid","tag-sk-sturm","tag-sport","tag-sports","tag-stades-rennes"],"share_on_mastodon":{"url":"https:\/\/pubeurope.com\/@at\/117192186016057057","error":""},"_links":{"self":[{"href":"https:\/\/www.europesays.com\/at\/wp-json\/wp\/v2\/posts\/367293","targetHints":{"allow":["GET"]}}],"collection":[{"href":"https:\/\/www.europesays.com\/at\/wp-json\/wp\/v2\/posts"}],"about":[{"href":"https:\/\/www.europesays.com\/at\/wp-json\/wp\/v2\/types\/post"}],"author":[{"embeddable":true,"href":"https:\/\/www.europesays.com\/at\/wp-json\/wp\/v2\/users\/2"}],"replies":[{"embeddable":true,"href":"https:\/\/www.europesays.com\/at\/wp-json\/wp\/v2\/comments?post=367293"}],"version-history":[{"count":0,"href":"https:\/\/www.europesays.com\/at\/wp-json\/wp\/v2\/posts\/367293\/revisions"}],"wp:featuredmedia":[{"embeddable":true,"href":"https:\/\/www.europesays.com\/at\/wp-json\/wp\/v2\/media\/367294"}],"wp:attachment":[{"href":"https:\/\/www.europesays.com\/at\/wp-json\/wp\/v2\/media?parent=367293"}],"wp:term":[{"taxonomy":"category","embeddable":true,"href":"https:\/\/www.europesays.com\/at\/wp-json\/wp\/v2\/categories?post=367293"},{"taxonomy":"post_tag","embeddable":true,"href":"https:\/\/www.europesays.com\/at\/wp-json\/wp\/v2\/tags?post=367293"}],"curies":[{"name":"wp","href":"https:\/\/api.w.org\/{rel}","templated":true}]}}