{"id":367303,"date":"2026-08-31T21:17:08","date_gmt":"2026-08-31T21:17:08","guid":{"rendered":"https:\/\/www.europesays.com\/at\/367303\/"},"modified":"2026-08-31T21:17:08","modified_gmt":"2026-08-31T21:17:08","slug":"kanzler-im-orf-staatssparbuch-fuer-kinder-schande-fuer-oesterreich","status":"publish","type":"post","link":"https:\/\/www.europesays.com\/at\/367303\/","title":{"rendered":"Kanzler im ORF &#8211; Staatssparbuch f\u00fcr Kinder, Schande f\u00fcr \u00d6sterreich"},"content":{"rendered":"<p>Dass vor allem die kapitalmarktaffinen NEOS zustimmen, ist annehmbar, der Vorschlag hat wohl keine schlechten Chancen, umgesetzt zu werden. Stockers Parteikollegin, Familienministerin Claudia Bauer, sprang ihm jedenfalls noch w\u00e4hrend der Ausstrahlung zur Seite und erkl\u00e4rte: \u201eSo kann bis zum 18. Geburtstag ein finanzielles Fundament f\u00fcr den F\u00fchrerschein, eine Ausbildung oder das erste Eigenheim entstehen.\u201c\u00a0<\/p>\n<p>Bewerten Sie hier den Auftritt des Kanzlers:<\/p>\n","protected":false},"excerpt":{"rendered":"Dass vor allem die kapitalmarktaffinen NEOS zustimmen, ist annehmbar, der Vorschlag hat wohl keine schlechten Chancen, umgesetzt zu&hellip;\n","protected":false},"author":2,"featured_media":367304,"comment_status":"","ping_status":"","sticky":false,"template":"","format":"standard","meta":{"footnotes":"","_share_on_mastodon":"0"},"categories":[6],"tags":[2188,5951,46,42,376,1193,30255,680,1195,7141,491,2199,276,996,44,413,43,45,84000,116,2227,92367,39296,84001,2228,31349],"class_list":["post-367303","post","type-post","status-publish","format-standard","has-post-thumbnail","category-oesterreich","tag-andreas-babler","tag-anton-mattle","tag-at","tag-austria","tag-beate-meinl-reisinger","tag-christian-stocker","tag-claudia-bauer","tag-fpoe","tag-herbert-kickl","tag-johanna-mikl-leitner","tag-karoline-edtstadler","tag-kickl","tag-oberoesterreich","tag-orf","tag-oesterreich","tag-oevp","tag-republic-of-austria","tag-republik-oesterreich","tag-simone-stribl","tag-steiermark","tag-stocker","tag-stocker-doch","tag-stockers","tag-stribl","tag-thomas-stelzer","tag-walter-ruck"],"share_on_mastodon":{"url":"https:\/\/pubeurope.com\/@at\/117192205492845808","error":""},"_links":{"self":[{"href":"https:\/\/www.europesays.com\/at\/wp-json\/wp\/v2\/posts\/367303","targetHints":{"allow":["GET"]}}],"collection":[{"href":"https:\/\/www.europesays.com\/at\/wp-json\/wp\/v2\/posts"}],"about":[{"href":"https:\/\/www.europesays.com\/at\/wp-json\/wp\/v2\/types\/post"}],"author":[{"embeddable":true,"href":"https:\/\/www.europesays.com\/at\/wp-json\/wp\/v2\/users\/2"}],"replies":[{"embeddable":true,"href":"https:\/\/www.europesays.com\/at\/wp-json\/wp\/v2\/comments?post=367303"}],"version-history":[{"count":0,"href":"https:\/\/www.europesays.com\/at\/wp-json\/wp\/v2\/posts\/367303\/revisions"}],"wp:featuredmedia":[{"embeddable":true,"href":"https:\/\/www.europesays.com\/at\/wp-json\/wp\/v2\/media\/367304"}],"wp:attachment":[{"href":"https:\/\/www.europesays.com\/at\/wp-json\/wp\/v2\/media?parent=367303"}],"wp:term":[{"taxonomy":"category","embeddable":true,"href":"https:\/\/www.europesays.com\/at\/wp-json\/wp\/v2\/categories?post=367303"},{"taxonomy":"post_tag","embeddable":true,"href":"https:\/\/www.europesays.com\/at\/wp-json\/wp\/v2\/tags?post=367303"}],"curies":[{"name":"wp","href":"https:\/\/api.w.org\/{rel}","templated":true}]}}