{"id":367311,"date":"2026-08-31T21:23:18","date_gmt":"2026-08-31T21:23:18","guid":{"rendered":"https:\/\/www.europesays.com\/at\/367311\/"},"modified":"2026-08-31T21:23:18","modified_gmt":"2026-08-31T21:23:18","slug":"einladung-vernetzungstreffen-fuer-junge-touristikerinnen-in-wien-news-tip","status":"publish","type":"post","link":"https:\/\/www.europesays.com\/at\/367311\/","title":{"rendered":"Einladung: Vernetzungstreffen f\u00fcr junge Touristiker:innen in Wien \u00bb news | tip"},"content":{"rendered":"<p>Mit der Veranstaltung richtet sich der \u00d6sterreichische ReiseVerband gezielt an junge Mitarbeiter:innen aus Reiseb\u00fcros und Fremdenverkehrs\u00e4mtern sowie an Besch\u00e4ftigte bei Reiseveranstaltern, Reedereien und Airlines. Unter dem Motto \u201eJung. Vernetzt. Reisefixiert.\u201c soll das Treffen den Austausch und die Vernetzung der n\u00e4chsten Generation in der Touristik f\u00f6rdern. Eingeladen sind sowohl Lehrlinge als auch bereits erfahrene junge Touristiker:innen.<\/p>\n<p>&#13;<\/p>\n<p>Das Treffen findet am Donnerstag, 1. Oktober 2026, ab 18:30 Uhr im Caf\u00e9 Stein in Wien statt. Die Teilnahme ist kostenlos.<\/p>\n<p>&#13;<br \/>\nS\u00fcdafrika im Mittelpunkt&#13;<\/p>\n<p>Neben dem pers\u00f6nlichen Austausch steht S\u00fcdafrika im Mittelpunkt des Abends. Die Teilnehmer:innen erwartet ein S\u00fcdafrika-Buffet sowie eine Keynote zum Thema \u201eS\u00fcdafrika \u2013 Trends, Highlights &amp; Insider-Tipps\u201c. Erg\u00e4nzt wird das Programm durch eine Challenge mit Gewinnchance, bei der Tickets nach S\u00fcdafrika verlost werden. Zum Abschluss ist ein gem\u00fctlicher Ausklang mit weiterem Erfahrungsaustausch vorgesehen.<\/p>\n<p>&#13;<\/p>\n<p>Als Partner der Veranstaltung unterst\u00fctzen tip\/tipdaily,\u00a0Redion,Turkish Airlines und S\u00fcdafrika das Vernetzungstreffen.<\/p>\n<p>&#13;<\/p>\n<p>Datum \/ Uhrzeit:\u00a0Donnerstag, 1. Oktober 2026 \/ ab 18:30 Uhr\u00a0<\/p>\n<p>&#13;<\/p>\n<p>Veranstaltungsort:\u00a0Caf\u00e9 Stein in der W\u00e4hringer Stra\u00dfe 6\u20138. Die Location ist unter anderem mit der U2-Station Schottentor sowie den Stra\u00dfenbahnlinien D, 1, 37, 38, 40, 41, 42, 43, 44 und 71 und den Buslinien 1A und 13A erreichbar. <\/p>\n<p>&#13;<\/p>\n<p>Anmeldungen: <a href=\"https:\/\/forms.cloud.microsoft\/Pages\/ResponsePage.aspx?id=VWOy4IkY2ECO8eVZYWvv2im-ELz9J_NDm3wwQY__qPtUNDFQRldUWlZQMkcyODdMUTlNTlkwMDRJNC4u&amp;origin=QRCode\" target=\"_blank\" rel=\"nofollow noopener\">f\u00fcr U30-Reiseb\u00fcrokaufleute und Lehrlinge ab sofort HIER\u00a0<\/a>oder \u00fcber den QR-Code auf dem Veranstaltungsflyer anbei<\/p>\n<p>&#13;<\/p>\n<p>(red)<\/p>\n<p>&#13;<\/p>\n<p>\u00a0<\/p>\n","protected":false},"excerpt":{"rendered":"Mit der Veranstaltung richtet sich der \u00d6sterreichische ReiseVerband gezielt an junge Mitarbeiter:innen aus Reiseb\u00fcros und Fremdenverkehrs\u00e4mtern sowie an&hellip;\n","protected":false},"author":2,"featured_media":367312,"comment_status":"","ping_status":"","sticky":false,"template":"","format":"standard","meta":{"footnotes":"","_share_on_mastodon":"0"},"categories":[28],"tags":[49751,46,42,5574,92373,34363,8376,92372,88434,44,15484,2034,34364,62554,33652,181,182],"class_list":["post-367311","post","type-post","status-publish","format-standard","has-post-thumbnail","category-wien","tag-agents","tag-at","tag-austria","tag-einladung","tag-junge-touristiker","tag-kalender","tag-nachwuchs","tag-neulinge","tag-oerv","tag-oesterreich","tag-suedafrika","tag-termin","tag-terminkalender","tag-vernetzung","tag-vernetzungstreffen","tag-vienna","tag-wien"],"share_on_mastodon":{"url":"https:\/\/pubeurope.com\/@at\/117192229078458696","error":""},"_links":{"self":[{"href":"https:\/\/www.europesays.com\/at\/wp-json\/wp\/v2\/posts\/367311","targetHints":{"allow":["GET"]}}],"collection":[{"href":"https:\/\/www.europesays.com\/at\/wp-json\/wp\/v2\/posts"}],"about":[{"href":"https:\/\/www.europesays.com\/at\/wp-json\/wp\/v2\/types\/post"}],"author":[{"embeddable":true,"href":"https:\/\/www.europesays.com\/at\/wp-json\/wp\/v2\/users\/2"}],"replies":[{"embeddable":true,"href":"https:\/\/www.europesays.com\/at\/wp-json\/wp\/v2\/comments?post=367311"}],"version-history":[{"count":0,"href":"https:\/\/www.europesays.com\/at\/wp-json\/wp\/v2\/posts\/367311\/revisions"}],"wp:featuredmedia":[{"embeddable":true,"href":"https:\/\/www.europesays.com\/at\/wp-json\/wp\/v2\/media\/367312"}],"wp:attachment":[{"href":"https:\/\/www.europesays.com\/at\/wp-json\/wp\/v2\/media?parent=367311"}],"wp:term":[{"taxonomy":"category","embeddable":true,"href":"https:\/\/www.europesays.com\/at\/wp-json\/wp\/v2\/categories?post=367311"},{"taxonomy":"post_tag","embeddable":true,"href":"https:\/\/www.europesays.com\/at\/wp-json\/wp\/v2\/tags?post=367311"}],"curies":[{"name":"wp","href":"https:\/\/api.w.org\/{rel}","templated":true}]}}