{"id":367327,"date":"2026-08-31T21:36:11","date_gmt":"2026-08-31T21:36:11","guid":{"rendered":"https:\/\/www.europesays.com\/at\/367327\/"},"modified":"2026-08-31T21:36:11","modified_gmt":"2026-08-31T21:36:11","slug":"meinl-reisinger-fordert-von-eu-einigkeit-statt-traegheit-2","status":"publish","type":"post","link":"https:\/\/www.europesays.com\/at\/367327\/","title":{"rendered":"Meinl-Reisinger fordert von EU &#8222;Einigkeit statt Tr\u00e4gheit&#8220;"},"content":{"rendered":"<p>\n        In geopolitisch turbulenten Zeiten soll Europa zuk\u00fcnftig schneller handeln, um Sicherheit und Unabh\u00e4ngigkeit zu gew\u00e4hrleisten. Dar\u00fcber kamen bei einer Podiumsdiskussion am Europ\u00e4ischen Forum Alpbach (EFA) am Montag unter anderem Au\u00dfenministerin Beate Meinl-Reisinger (NEOS) und Albaniens Au\u00dfenminister Ferit Hoxha von der regierenden Sozialistischen Partei \u00fcberein. Vor allem bei der EU-Erweiterungspolitik und in Sachen Verteidigung dr\u00e4ngte man auf mehr Tempo.\n      <\/p>\n<p>\n        31. 08. 2026,  21:13\u00a0Uhr<br \/>\n        Lesedauer:         1 Minute<\/p>\n<p>&#8222;Europa gewinnt durch Einigkeit und verliert durch Tr\u00e4gheit&#8220;, meinte Au\u00dfenministerin Beate Meinl-Reisinger in Anspielung auf das Motto des 82. EFA &#8222;How Europe Wins&#8220;. Daf\u00fcr brauche es aber auch das Vertrauen und den R\u00fcckhalt der Bev\u00f6lkerung. &#8222;Wenn wir in unseren Binnenmarkt investieren und Partnerschaften ausbauen, dann k\u00f6nnen wir aus Europa eine gr\u00f6\u00dfere Familie machen, die auf unseren Werten und Prinzipien beruht&#8220;, f\u00fchrte die NEOS-Parteichefin weiter aus. Die Chance, weiter zu wachsen, solle die EU n\u00fctzen.<\/p>\n<p>Geopolitisches Vakuum am Westbalkan verhindern<\/p>\n<p>Albaniens Au\u00dfenminister Ferit Hoxha zeigte sich \u00fcberzeugt, dass Europa imstande sei, entsprechend zu handeln. Er stellte klar: &#8222;Wenn uns Europa nicht will, dann haben wir ein Problem.&#8220; Albaniens Regierung unter Premierminister Edi Rama steht jedoch seit Monaten wegen Korruptionsvorw\u00fcrfen unter Beschuss und zeigt nach wie vor Defizite in den Bereichen Rechtsstaatlichkeit und Demokratie, wie die EU-Kommission im j\u00e4hrlich erscheinenden L\u00e4nderbericht regelm\u00e4\u00dfig festh\u00e4lt.<\/p>\n<p>Vor einem geopolitischen Vakuum &#8211; sollte die EU nicht zu ihrem Versprechen von 2003 \u00fcber eine europ\u00e4ische Zukunft f\u00fcr die Westbalkanstaaten stehen &#8211; warnte auch Meinl-Reisinger. Eine Erweiterung der EU sei &#8222;eindeutig in unserem eigenen Interesse&#8220;. Aus \u00d6sterreichs Perspektive treffe das vor allem auch aus wirtschaftlicher Sicht zu, erg\u00e4nzte die Ministerin. Au\u00dferdem sei es wichtig, die Verteidigungskapazit\u00e4ten in der EU auszubauen und Verantwortung f\u00fcr die eigene Sicherheit zu \u00fcbernehmen: &#8222;Das passiert zwar nicht schnell genug, aber es geht in die richtige Richtung.&#8220;<\/p>\n<p>UNO-Generaldirektorin: &#8222;Doppelmoral&#8220; hinderlich<\/p>\n<p>Kritik am Handeln der EU \u00e4u\u00dferte im Rahmen der Diskussionsveranstaltung die Generaldirektorin der UNO in Wien Monica Juma: &#8222;Die Bev\u00f6lkerung im Globalen S\u00fcden verlangt eine Beziehung auf Augenh\u00f6he, anstatt Darlehen und Spenden.&#8220; Au\u00dferdem solle die EU ihr Konzept von internationaler Kooperation und Solidarit\u00e4t \u00fcberdenken, um Partner nicht zu vergraulen. So werden etwa die Folgen des russischen Angriffskriegs auf die Ukraine mit einer ganz anderen Dringlichkeit behandelt als der Krieg im Sudan, was die kenianische Diplomatin als &#8222;Doppelmoral&#8220; bezeichnete.<\/p>\n<p>Weitere Handlungsempfehlungen f\u00fcr die EU gab es auch von Peter Bosek, CEO der Erste Group, der eine St\u00e4rkung des Binnenmarkts und den Ausbau von Infrastruktur einforderte: &#8222;Wir sollten nicht zur\u00fcckschauen, sondern darauf, was vor uns liegt.&#8220; Anerkennung f\u00fcr die EU-weite Erh\u00f6hung f\u00fcr Verteidigungsausgaben kam von Politikwissenschafter Ivan Krastev. Allerdings brauche es ein koordinierteres Vorgehen, das ihm derzeit mangels einer EU-Armee abgehe. Es sei nicht zielf\u00fchrend, dass R\u00fcstungshersteller eigenm\u00e4chtig \u00fcber Produktionskapazit\u00e4ten entscheiden.<\/p>\n<p>(Quelle: APA)<\/p>\n","protected":false},"excerpt":{"rendered":"In geopolitisch turbulenten Zeiten soll Europa zuk\u00fcnftig schneller handeln, um Sicherheit und Unabh\u00e4ngigkeit zu gew\u00e4hrleisten. Dar\u00fcber kamen bei&hellip;\n","protected":false},"author":2,"featured_media":367328,"comment_status":"","ping_status":"","sticky":false,"template":"","format":"standard","meta":{"footnotes":"","_share_on_mastodon":"0"},"categories":[6],"tags":[46,42,44,43,45],"class_list":["post-367327","post","type-post","status-publish","format-standard","has-post-thumbnail","category-oesterreich","tag-at","tag-austria","tag-oesterreich","tag-republic-of-austria","tag-republik-oesterreich"],"share_on_mastodon":{"url":"https:\/\/pubeurope.com\/@at\/117192280300366924","error":""},"_links":{"self":[{"href":"https:\/\/www.europesays.com\/at\/wp-json\/wp\/v2\/posts\/367327","targetHints":{"allow":["GET"]}}],"collection":[{"href":"https:\/\/www.europesays.com\/at\/wp-json\/wp\/v2\/posts"}],"about":[{"href":"https:\/\/www.europesays.com\/at\/wp-json\/wp\/v2\/types\/post"}],"author":[{"embeddable":true,"href":"https:\/\/www.europesays.com\/at\/wp-json\/wp\/v2\/users\/2"}],"replies":[{"embeddable":true,"href":"https:\/\/www.europesays.com\/at\/wp-json\/wp\/v2\/comments?post=367327"}],"version-history":[{"count":0,"href":"https:\/\/www.europesays.com\/at\/wp-json\/wp\/v2\/posts\/367327\/revisions"}],"wp:featuredmedia":[{"embeddable":true,"href":"https:\/\/www.europesays.com\/at\/wp-json\/wp\/v2\/media\/367328"}],"wp:attachment":[{"href":"https:\/\/www.europesays.com\/at\/wp-json\/wp\/v2\/media?parent=367327"}],"wp:term":[{"taxonomy":"category","embeddable":true,"href":"https:\/\/www.europesays.com\/at\/wp-json\/wp\/v2\/categories?post=367327"},{"taxonomy":"post_tag","embeddable":true,"href":"https:\/\/www.europesays.com\/at\/wp-json\/wp\/v2\/tags?post=367327"}],"curies":[{"name":"wp","href":"https:\/\/api.w.org\/{rel}","templated":true}]}}