{"id":367407,"date":"2026-08-31T22:39:28","date_gmt":"2026-08-31T22:39:28","guid":{"rendered":"https:\/\/www.europesays.com\/at\/367407\/"},"modified":"2026-08-31T22:39:28","modified_gmt":"2026-08-31T22:39:28","slug":"wien-stoppt-foerderung-fuer-vier-weitere-privatkindergaerten","status":"publish","type":"post","link":"https:\/\/www.europesays.com\/at\/367407\/","title":{"rendered":"Wien stoppt F\u00f6rderung f\u00fcr vier weitere Privatkinderg\u00e4rten"},"content":{"rendered":"<p>Die K\u00fcndigung der Vereinbarung habe nicht zwingend den Verlust von Pl\u00e4tzen zur Folge, wurde betont. Ein privater Tr\u00e4ger, der \u00fcber eine aufrechte Betriebsbewilligung verf\u00fcge, k\u00f6nne auch ohne F\u00f6rderungen den Kindergarten betreiben, hie\u00df es. Die Stadt geht seit 2023 rigoroser gegen m\u00f6gliche widmungswidrige Verwendungen von F\u00f6rdermitteln vor. Anlass\u00a0f\u00fcr\u00a0die \u201eAktion scharf\u201c waren Berichte \u00fcber Unregelm\u00e4\u00dfigkeiten bei einem inzwischen geschlossenen gr\u00f6\u00dferen privaten Anbieter gewesen.<\/p>\n","protected":false},"excerpt":{"rendered":"Die K\u00fcndigung der Vereinbarung habe nicht zwingend den Verlust von Pl\u00e4tzen zur Folge, wurde betont. Ein privater Tr\u00e4ger,&hellip;\n","protected":false},"author":2,"featured_media":367408,"comment_status":"","ping_status":"","sticky":false,"template":"","format":"standard","meta":{"footnotes":"","_share_on_mastodon":"0"},"categories":[28],"tags":[46,42,13703,4727,10685,44,57929,8510,181,182],"class_list":["post-367407","post","type-post","status-publish","format-standard","has-post-thumbnail","category-wien","tag-at","tag-austria","tag-finanzierung","tag-foerderung","tag-kindergarten","tag-oesterreich","tag-privat","tag-standorte","tag-vienna","tag-wien"],"share_on_mastodon":{"url":"https:\/\/pubeurope.com\/@at\/117192528065018415","error":""},"_links":{"self":[{"href":"https:\/\/www.europesays.com\/at\/wp-json\/wp\/v2\/posts\/367407","targetHints":{"allow":["GET"]}}],"collection":[{"href":"https:\/\/www.europesays.com\/at\/wp-json\/wp\/v2\/posts"}],"about":[{"href":"https:\/\/www.europesays.com\/at\/wp-json\/wp\/v2\/types\/post"}],"author":[{"embeddable":true,"href":"https:\/\/www.europesays.com\/at\/wp-json\/wp\/v2\/users\/2"}],"replies":[{"embeddable":true,"href":"https:\/\/www.europesays.com\/at\/wp-json\/wp\/v2\/comments?post=367407"}],"version-history":[{"count":0,"href":"https:\/\/www.europesays.com\/at\/wp-json\/wp\/v2\/posts\/367407\/revisions"}],"wp:featuredmedia":[{"embeddable":true,"href":"https:\/\/www.europesays.com\/at\/wp-json\/wp\/v2\/media\/367408"}],"wp:attachment":[{"href":"https:\/\/www.europesays.com\/at\/wp-json\/wp\/v2\/media?parent=367407"}],"wp:term":[{"taxonomy":"category","embeddable":true,"href":"https:\/\/www.europesays.com\/at\/wp-json\/wp\/v2\/categories?post=367407"},{"taxonomy":"post_tag","embeddable":true,"href":"https:\/\/www.europesays.com\/at\/wp-json\/wp\/v2\/tags?post=367407"}],"curies":[{"name":"wp","href":"https:\/\/api.w.org\/{rel}","templated":true}]}}