{"id":367497,"date":"2026-08-31T23:54:13","date_gmt":"2026-08-31T23:54:13","guid":{"rendered":"https:\/\/www.europesays.com\/at\/367497\/"},"modified":"2026-08-31T23:54:13","modified_gmt":"2026-08-31T23:54:13","slug":"geister-in-princeton-events-tips-at-3","status":"publish","type":"post","link":"https:\/\/www.europesays.com\/at\/367497\/","title":{"rendered":"GEISTER IN PRINCETON &#8211; Events tips.at"},"content":{"rendered":"<p>Von Daniel Kehlmann<\/p>\n<p>In pointierten Dialogen bringt Erfolgsautor Daniel Kehlmann das Leben eines Wissenschaftlers auf die B\u00fchne, der das Selbstverst\u00e4ndnis der Mathematik ersch\u00fcttert hat: Kurt G\u00f6del.<\/p>\n<p>Dieser glaubte aber auch an Gespenster, die er logisch begr\u00fcndete, und an die M\u00f6glichkeit von Zeitreisen. Gleich zu Beginn wohnt er als Geist seiner eigenen Beerdigung bei, in R\u00fcckblenden und Zeitschleifen werden sodann die wichtigsten Stationen seines Lebens zwischen Genie und Wahnsinn, zwischen der Liebe zur Wissenschaft und zu seiner Frau Adele aufgerollt. Man erf\u00e4hrt, wie \u201eKurtsy\u201c bereits als Kind Stimmen h\u00f6rt, sich sp\u00e4ter von Geheimagenten verfolgt f\u00fchlt und gro\u00dfe Angst entwickelt, vergiftet zu werden, sodass \u201eAdsel\u201c sein Essen vorkosten muss. Mit ihrem Regenschirm besch\u00fctzt die ehemalige Nacktt\u00e4nzerin ihren Mann vor den Wiener Nazis, flieht mit ihm mit der Transsibirischen Eisenbahn in die USA und landet dort schlie\u00dflich im gottverlassenen Princeton, wo sie weiterhin auf ihren \u201eKurtsy\u201c aufpassen muss.<\/p>\n<p>Leichtf\u00fc\u00dfig werden in diesem raffiniert gebauten St\u00fcck auch legend\u00e4re Szenen mitverwoben, etwa G\u00f6dels Spazierg\u00e4nge mit Einstein in Princeton, der sich \u00fcber den Bau der Atombombe gr\u00e4mt.<\/p>\n<p>GEISTER IN PRINCETON ist damit auch ein St\u00fcck \u00fcber die Vertreibung der Geistesgr\u00f6\u00dfen aus Europa und thematisiert \u2013 wie D\u00fcrrenmatts DIE PHYSIKER \u2013 die Verantwortung der Wissenschaft. Auf faszinierende Weise gibt es Einblick in das Leben gro\u00dfer Denker und zeigt, wie sie als Menschen darin zurechtkommen. Dabei wird immer wieder auch deutlich, was es f\u00fcr eine Frau bedeutet, mit einem hilflosen Genie zusammenzuleben.<\/p>\n<p>SCHAUSPIEL Jakob Griesser, Lisa Kr\u00f6ll, Rudi M\u00fcllehner, Claudia Sch\u00e4chl<\/p>\n<p>INSZENIERUNG Cornelia Metschitzer<\/p>\n<p>AUFF\u00dcHRUNGSRECHTE Thomas Sessler Verlag GmbH, Wien<\/p>\n<p>PRODUKTION Trib\u00fcne Linz<\/p>\n<p>\u00a0<\/p>\n<p>KARTEN UNTER<\/p>\n<p><a title=\"Tickets\" rel=\"nofollow noopener\" target=\"_blank\" href=\"https:\/\/reservation.ticketleo.com\/event\/36001\/geister-in-princeton\">ONLINE<\/a> (Print@Home oder Reservierung)<\/p>\n<p>0699 11399844<\/p>\n<p><a title=\"karten@tribuene-linz.at\" rel=\"nofollow noopener\" target=\"_blank\" href=\"https:\/\/www.tips.at\/events\/linz\/mailto:karten@tribuene-linz.at\">karten@tribuene-linz.at<\/a><\/p>\n<p>Alle Infos zum Abend unter <a title=\"www.tribuene-linz.at\" rel=\"nofollow noopener\" target=\"_blank\" href=\"https:\/\/www.tribuene-linz.at\/\">www.tribuene-linz.at<\/a><\/p>\n","protected":false},"excerpt":{"rendered":"Von Daniel Kehlmann In pointierten Dialogen bringt Erfolgsautor Daniel Kehlmann das Leben eines Wissenschaftlers auf die B\u00fchne, der&hellip;\n","protected":false},"author":2,"featured_media":367498,"comment_status":"","ping_status":"","sticky":false,"template":"","format":"standard","meta":{"footnotes":"","_share_on_mastodon":"0"},"categories":[30],"tags":[46,42,90267,90266,90268,184,92391,9785,44,59422,59420,28517],"class_list":["post-367497","post","type-post","status-publish","format-standard","has-post-thumbnail","category-linz","tag-at","tag-austria","tag-daniel-kehlmann","tag-geister-in-princeton","tag-kurt-goedel","tag-linz","tag-logik","tag-mathematik","tag-oesterreich","tag-rudi-muellehner","tag-theater-am-suedbahnhofmarkt","tag-tribuene-linz"],"share_on_mastodon":{"url":"https:\/\/pubeurope.com\/@at\/117192822995524768","error":""},"_links":{"self":[{"href":"https:\/\/www.europesays.com\/at\/wp-json\/wp\/v2\/posts\/367497","targetHints":{"allow":["GET"]}}],"collection":[{"href":"https:\/\/www.europesays.com\/at\/wp-json\/wp\/v2\/posts"}],"about":[{"href":"https:\/\/www.europesays.com\/at\/wp-json\/wp\/v2\/types\/post"}],"author":[{"embeddable":true,"href":"https:\/\/www.europesays.com\/at\/wp-json\/wp\/v2\/users\/2"}],"replies":[{"embeddable":true,"href":"https:\/\/www.europesays.com\/at\/wp-json\/wp\/v2\/comments?post=367497"}],"version-history":[{"count":0,"href":"https:\/\/www.europesays.com\/at\/wp-json\/wp\/v2\/posts\/367497\/revisions"}],"wp:featuredmedia":[{"embeddable":true,"href":"https:\/\/www.europesays.com\/at\/wp-json\/wp\/v2\/media\/367498"}],"wp:attachment":[{"href":"https:\/\/www.europesays.com\/at\/wp-json\/wp\/v2\/media?parent=367497"}],"wp:term":[{"taxonomy":"category","embeddable":true,"href":"https:\/\/www.europesays.com\/at\/wp-json\/wp\/v2\/categories?post=367497"},{"taxonomy":"post_tag","embeddable":true,"href":"https:\/\/www.europesays.com\/at\/wp-json\/wp\/v2\/tags?post=367497"}],"curies":[{"name":"wp","href":"https:\/\/api.w.org\/{rel}","templated":true}]}}