{"id":367581,"date":"2026-09-01T01:25:12","date_gmt":"2026-09-01T01:25:12","guid":{"rendered":"https:\/\/www.europesays.com\/at\/367581\/"},"modified":"2026-09-01T01:25:12","modified_gmt":"2026-09-01T01:25:12","slug":"41-grad-und-extreme-trockenheit-oesterreich-erlebte-heissesten-sommer-der-messgeschichte","status":"publish","type":"post","link":"https:\/\/www.europesays.com\/at\/367581\/","title":{"rendered":"41 Grad und extreme Trockenheit: \u00d6sterreich erlebte hei\u00dfesten Sommer der Messgeschichte"},"content":{"rendered":"<p _ngcontent-tt-com-www-c3071245697=\"\" data-cy=\"body\">\u00d6sterreich hat 2026 den hei\u00dfesten Sommer der Messgeschichte erlebt. An mehr als 100 Messstationen der Geosphere wurden neue Temperaturrekorde verzeichnet. Erstmals seit Beginn der Messungen stieg die Temperatur sogar \u00fcber 41 Grad. Gleichzeitig fiel \u00f6sterreichweit rund ein Drittel weniger Niederschlag als im langj\u00e4hrigen Mittel. Diese extreme Trockenperiode f\u00fchrte zu Wassermangel in den B\u00f6den und niedrigen Pegelst\u00e4nden in Fl\u00fcssen.<\/p>\n<p _ngcontent-tt-com-www-c3071245697=\"\" data-cy=\"body\">\u201eUm die Temperaturverh\u00e4ltnisse des Sommers 2026 in die Klimatologie \u00d6sterreichs einzuordnen, ist es mittlerweile schwer geworden, die richtigen Adjektive zu finden. Au\u00dfergew\u00f6hnlich, extrem oder nie da gewesen waren sowohl die Maxima der Tagesh\u00f6chst- und Tagestiefstwerte, die L\u00e4nge der Hitzewellen, die Folge an Hitzetagen, die Anzahl an Hitzetagen, an sehr hei\u00dfen Tagen und an Tropenn\u00e4chten sowie die geringe Anzahl an Frosttagen im Hochgebirge\u201c, bilanzierte Klimatologe Alexander Orlik von der Geosphere Austria am Montag.<\/p>\n<p _ngcontent-tt-com-www-c3071245697=\"\" data-cy=\"body\">Die \u00fcber den Sommer gemittelte Lufttemperatur lag laut Geosphere Austria um 2,6 Grad \u00fcber dem Klimamittel 1991 bis 2020 und sogar um 4,4 Grad \u00fcber jenem der Periode 1961 bis 1990. Die zehn w\u00e4rmsten Sommer der \u00f6sterreichischen Messgeschichte liegen damit allesamt im 21. Jahrhundert.<\/p>\n<p _ngcontent-tt-com-www-c3071245697=\"\" data-cy=\"body\">Schon Ende Juni wurde erstmals in einem Juni die 40-Grad-Marke erreicht. Der bisherige Juni-Rekord von 38,6 Grad wurde zwischen 27. und 29. Juni an 18 Wetterstationen \u00fcbertroffen. Mit Ausnahme K\u00e4rntens wurden in allen Bundesl\u00e4ndern neue Juni-Temperaturrekorde registriert.<\/p>\n<p _ngcontent-tt-com-www-c3071245697=\"\" data-cy=\"body\">Eine weitere Hitzewelle brachte Ende Juli und Anfang August neue H\u00f6chstwerte. Am 5. August wurden in Bad Deutsch-Altenburg in Nieder\u00f6sterreich 41,2 Grad gemessen \u2013 die h\u00f6chste jemals in \u00d6sterreich registrierte Temperatur. Insgesamt erreichten zehn Messstationen an sechs Tagen Werte von mindestens 40 Grad.<\/p>\n<p _ngcontent-tt-com-www-c3071245697=\"\" data-cy=\"body\">Neue Jahresrekorde gab es an 103 Messstationen, an 157 Stationen wurde ein neuer H\u00f6chststand bei der Zahl der Hitzetage mit mindestens 30 Grad verzeichnet. In Bad Deutsch-Altenburg sowie in Ferlach und St. Andr\u00e4 im Lavanttal wurden jeweils 55 Hitzetage registriert. Unterhalb von 500 Metern Seeh\u00f6he gab es \u00f6sterreichweit durchschnittlich 42 Hitzetage und damit 170 Prozent mehr als im Klimamittel.<\/p>\n<p _ngcontent-tt-com-www-c3071245697=\"\" data-cy=\"body\">Neben der Hitze pr\u00e4gte extreme Trockenheit den Sommer. \u00d6sterreichweit fiel rund ein Drittel weniger Regen. Damit z\u00e4hlt der Sommer 2026 zu den f\u00fcnf niederschlags\u00e4rmsten seit Messbeginn 1858. Versch\u00e4rft wurde die Situation durch einen bereits au\u00dfergew\u00f6hnlich trockenen Fr\u00fchling. In den ersten acht Monaten eines Jahres fiel laut Geosphere Austria seit Beginn der entsprechenden Messreihe vor 169 Jahren noch nie so wenig Niederschlag.<\/p>\n<p _ngcontent-tt-com-www-c3071245697=\"\" data-cy=\"body\">Besonders ausgepr\u00e4gt war die Trockenheit im nord\u00f6stlichen Waldviertel und im n\u00f6rdlichen Weinviertel. Dort erreichte das Niederschlagsdefizit bis zu 70 Prozent. Die hohe Verdunstung f\u00fchrte laut Geosphere Austria zudem zu Wassermangel in den B\u00f6den und niedrigen Pegelst\u00e4nden in Fl\u00fcssen. \u201eDie gelegentlichen Starkregenereignisse, die im Sommer \u00fcber dem Bundesgebiet niedergingen, konnten die extreme Trockenheit kaum lindern\u201c, erg\u00e4nzte Orlik. (APA)<\/p>\n","protected":false},"excerpt":{"rendered":"\u00d6sterreich hat 2026 den hei\u00dfesten Sommer der Messgeschichte erlebt. An mehr als 100 Messstationen der Geosphere wurden neue&hellip;\n","protected":false},"author":2,"featured_media":367582,"comment_status":"","ping_status":"","sticky":false,"template":"","format":"standard","meta":{"footnotes":"","_share_on_mastodon":"0"},"categories":[6],"tags":[46,42,84314,5899,41319,1549,3281,44,43,45,8412,48469,1993],"class_list":["post-367581","post","type-post","status-publish","format-standard","has-post-thumbnail","category-oesterreich","tag-at","tag-austria","tag-extreme-trockenheit","tag-geosphere-austria","tag-hitzewelle","tag-klima","tag-klimawandel","tag-oesterreich","tag-republic-of-austria","tag-republik-oesterreich","tag-sommer-2026","tag-wassermangel","tag-wetter"],"share_on_mastodon":{"url":"https:\/\/pubeurope.com\/@at\/117193180696614018","error":""},"_links":{"self":[{"href":"https:\/\/www.europesays.com\/at\/wp-json\/wp\/v2\/posts\/367581","targetHints":{"allow":["GET"]}}],"collection":[{"href":"https:\/\/www.europesays.com\/at\/wp-json\/wp\/v2\/posts"}],"about":[{"href":"https:\/\/www.europesays.com\/at\/wp-json\/wp\/v2\/types\/post"}],"author":[{"embeddable":true,"href":"https:\/\/www.europesays.com\/at\/wp-json\/wp\/v2\/users\/2"}],"replies":[{"embeddable":true,"href":"https:\/\/www.europesays.com\/at\/wp-json\/wp\/v2\/comments?post=367581"}],"version-history":[{"count":0,"href":"https:\/\/www.europesays.com\/at\/wp-json\/wp\/v2\/posts\/367581\/revisions"}],"wp:featuredmedia":[{"embeddable":true,"href":"https:\/\/www.europesays.com\/at\/wp-json\/wp\/v2\/media\/367582"}],"wp:attachment":[{"href":"https:\/\/www.europesays.com\/at\/wp-json\/wp\/v2\/media?parent=367581"}],"wp:term":[{"taxonomy":"category","embeddable":true,"href":"https:\/\/www.europesays.com\/at\/wp-json\/wp\/v2\/categories?post=367581"},{"taxonomy":"post_tag","embeddable":true,"href":"https:\/\/www.europesays.com\/at\/wp-json\/wp\/v2\/tags?post=367581"}],"curies":[{"name":"wp","href":"https:\/\/api.w.org\/{rel}","templated":true}]}}