{"id":367701,"date":"2026-09-01T03:24:38","date_gmt":"2026-09-01T03:24:38","guid":{"rendered":"https:\/\/www.europesays.com\/at\/367701\/"},"modified":"2026-09-01T03:24:38","modified_gmt":"2026-09-01T03:24:38","slug":"hertha-bsc-nuernberg-austria-salzburg-haben-hertha-talent-im-visier-sport","status":"publish","type":"post","link":"https:\/\/www.europesays.com\/at\/367701\/","title":{"rendered":"Hertha BSC: N\u00fcrnberg, Austria &#038; Salzburg haben Hertha-Talent im Visier | Sport"},"content":{"rendered":"<p><a class=\"skip-content skip-content--link\" href=\"#in-content-skip-link-target-v-0-0\">TTS-Player \u00fcberspringen\u21b5<\/a><a id=\"in-content-skip-link-target-v-0-0\" class=\"skip-content--target-link-hidden skip-content skip-content--target-link\" href=\"#in-content-skip-link-target-v-0-0\">Artikel weiterlesen<\/a><\/p>\n<p>Er wurde in dieser Zweitliga-Saison noch keine Minute eingesetzt, steht aber in den letzten Tagen im Mittelpunkt: Mittelfeldspieler Boris Mamuzah Lum (18)! Gleich drei Klubs haben sich k\u00fcrzlich nach dem deutschen U19-Vize-Europameister erkundigt. W\u00e4hrend Lum am Samstag f\u00fcr Herthas U23 auflief und gegen Halle (0:2) nach einem leichtem Schubser Rot sah, liefen im Hintergrund intensive Sondierungsgespr\u00e4che.<\/p>\n<p>Mehr zum Thema<\/p>\n<p>Ein Bewerber: Zweitliga-Spitzenreiter <a href=\"https:\/\/www.bild.de\/sport\/fussball\/1-fc-nuernberg\/startseite-1-fc-nuernberg-31074426.bild.html\" class=\"text-link\" rel=\"nofollow noopener\" target=\"_blank\">1. FC N\u00fcrnberg (<\/a>\u201ekicker\u201c berichtete zuerst). Nach BILD-Informationen erkundigten sich die Franken bei Hertha nach einem Leihgesch\u00e4ft mit Kaufoption. Bereits im letzten Winter besch\u00e4ftigte sich der Club mit einem Kaufangebot, allerdings deutlich unter Mamuzah Lums Ausstiegsklausel von drei Mio. Euro (BILD berichtete).<\/p>\n<p><img decoding=\"async\" width=\"992\" height=\"661\" alt=\"Boris Mamuzah Lum wartet in dieser Saison noch auf seinen ersten Einsatz im Profiteam von Hertha BSC\" loading=\"lazy\" src=\"https:\/\/www.europesays.com\/at\/wp-content\/uploads\/2026\/09\/80acf22c72a6ceb1ea06f7e96e4722c3,e5410529.jpeg\"   class=\"dynamic\"\/><\/p>\n<p class=\"fig__caption__text\">Boris Mamuzah Lum wartet in dieser Saison noch auf seinen ersten Einsatz im Profiteam von Hertha BSC <\/p>\n<p>Foto: picture alliance\/Maximilian Koch<\/p>\n<p>BILD wei\u00df: Auch \u00d6sterreichs Erstligist Austria Wien interessierte sich f\u00fcr ein Leihgesch\u00e4ft von Mamuzah Lum. Mit Red Bull Salzburg sollen zumindest Gespr\u00e4che stattgefunden haben. Doch einen Wechsel wird es wohl nicht geben. Diese Entscheidung sollen Herthas Bosse inklusive Trainer Stefan Leitl (49) jetzt intern getroffen haben. Zuvor sollen auch Gespr\u00e4che mit dem Profi stattgefunden haben, um ihm den R\u00fcckhalt aus dem Klub zu signalisieren.<\/p>\n<p>Herthas Verantwortliche st\u00e4rken Mamuzah Lum in Gespr\u00e4chen den R\u00fccken<\/p>\n<p>Mamuzah Lum gilt als eines der Top-Talente aus der eigenen Akademie, der bei <a href=\"https:\/\/www.bild.de\/sport\/fussball\/hertha-bsc\/startseite-hertha-bsc-31074436.bild.html\" class=\"text-link\" rel=\"nofollow noopener\" target=\"_blank\">Herthas<\/a> Fans allergr\u00f6\u00dfte Beliebtheit erf\u00e4hrt. Trainer Leitl wei\u00df, was er an Mamuzah Lum hat, der mit guten Trainingsleistungen zu \u00fcberzeugen wei\u00df. Dass in allen vier Pflichtspielen andere defensive Mittelfeldspieler den Vorzug bekamen, liegt an der aktuellen Erfolgsserie. Bei den vier Siegen machten Paul Seguin und Kevin Sessa in der Startelf einen tollen Job. Als Joker erhielt Pascal Klemens zuletzt den Vorzug vor Mamuzah Lum.<\/p>\n<p>Mehr zum Thema<\/p>\n<p>Deshalb witterte N\u00fcrnberg nun die Chance, die Ausbildung des deutschen Toptalents zu \u00fcbernehmen. Hertha will diesen Part aber lieber selbst fortf\u00fchren. Auf die Zweitliga-Premiere in dieser Saison muss Mamuzah Lum allerdings noch etwas warten. Nachdem er letzten Samstag f\u00fcr mehr Spielpraxis freiwillig f\u00fcr Herthas U23 gegen Halle (0:2) aufgelaufen war, sah er in der 88. Minute nach einem leichten Schubser gegen Lennard Becker (der hatte zuvor Herthas Jelani Ndi umgesenst) Rot. Eine harte Entscheidung. Mamuzah Lum drohen zwei Spiele Sperre. Nach Ablauf der Sperre m\u00f6chte Lum dann endlich loslegen \u2013 Stand jetzt bei Herthas Profis!<\/p>\n","protected":false},"excerpt":{"rendered":"TTS-Player \u00fcberspringen\u21b5Artikel weiterlesen Er wurde in dieser Zweitliga-Saison noch keine Minute eingesetzt, steht aber in den letzten Tagen&hellip;\n","protected":false},"author":2,"featured_media":367702,"comment_status":"","ping_status":"","sticky":false,"template":"","format":"standard","meta":{"footnotes":"","_share_on_mastodon":"0"},"categories":[31],"tags":[16263,46,42,92414,964,16264,61811,92413,44,1065,192,20209,15229,675,20210,12913],"class_list":["post-367701","post","type-post","status-publish","format-standard","has-post-thumbnail","category-salzburg","tag-1-fc-nuernberg","tag-at","tag-austria","tag-fk-austrian-wien","tag-fussball","tag-hertha-bsc","tag-lamprecht-roberto","tag-leitl-stefan","tag-oesterreich","tag-red-bull-salzburg","tag-salzburg","tag-spielertransfer","tag-sport-leuchtturm-berlin","tag-sport-leuchtturm-muenchen","tag-sport-tag-im-ticker","tag-zweite-bundesliga"],"share_on_mastodon":{"url":"https:\/\/pubeurope.com\/@at\/117193649136189924","error":""},"_links":{"self":[{"href":"https:\/\/www.europesays.com\/at\/wp-json\/wp\/v2\/posts\/367701","targetHints":{"allow":["GET"]}}],"collection":[{"href":"https:\/\/www.europesays.com\/at\/wp-json\/wp\/v2\/posts"}],"about":[{"href":"https:\/\/www.europesays.com\/at\/wp-json\/wp\/v2\/types\/post"}],"author":[{"embeddable":true,"href":"https:\/\/www.europesays.com\/at\/wp-json\/wp\/v2\/users\/2"}],"replies":[{"embeddable":true,"href":"https:\/\/www.europesays.com\/at\/wp-json\/wp\/v2\/comments?post=367701"}],"version-history":[{"count":0,"href":"https:\/\/www.europesays.com\/at\/wp-json\/wp\/v2\/posts\/367701\/revisions"}],"wp:featuredmedia":[{"embeddable":true,"href":"https:\/\/www.europesays.com\/at\/wp-json\/wp\/v2\/media\/367702"}],"wp:attachment":[{"href":"https:\/\/www.europesays.com\/at\/wp-json\/wp\/v2\/media?parent=367701"}],"wp:term":[{"taxonomy":"category","embeddable":true,"href":"https:\/\/www.europesays.com\/at\/wp-json\/wp\/v2\/categories?post=367701"},{"taxonomy":"post_tag","embeddable":true,"href":"https:\/\/www.europesays.com\/at\/wp-json\/wp\/v2\/tags?post=367701"}],"curies":[{"name":"wp","href":"https:\/\/api.w.org\/{rel}","templated":true}]}}