{"id":367773,"date":"2026-09-01T04:28:22","date_gmt":"2026-09-01T04:28:22","guid":{"rendered":"https:\/\/www.europesays.com\/at\/367773\/"},"modified":"2026-09-01T04:28:22","modified_gmt":"2026-09-01T04:28:22","slug":"ard-mediathek-die-5-besten-filme-im-september-2026","status":"publish","type":"post","link":"https:\/\/www.europesays.com\/at\/367773\/","title":{"rendered":"ARD Mediathek: Die 5 besten Filme im September 2026"},"content":{"rendered":"<p>        <img decoding=\"async\" src=\"https:\/\/www.europesays.com\/at\/wp-content\/uploads\/2026\/09\/der-buchspazierer-100.webp\" alt=\"Szenen aus &quot;Der Buchspazierer&quot;\" title=\"Christoph Maria Herbst in &quot;Der Buchspazierer&quot; | STUDIOCANAL GmbH Filmverleih\" class=\"responsive\"\/><\/p>\n<p class=\"topline\">Streaming-Tipps<\/p>\n<p>\n                Stand: 31.08.2026 04:00 Uhr<\/p>\n<p class=\"preface\">Die besten Filme im September in der ARD Mediathek: Der Bestseller-Film &#8222;Der Buchspazierer&#8220; mit Christoph Maria Herbst, die vielfach gelobten Werke von Christian Petzold (&#8222;Phoenix&#8220;, &#8222;Die innere Sicherheit&#8220;), der Oscar-nominierte Coming-of-Age-Film &#8222;Licorice Pizza&#8220; von Paul Thomas Anderson und das Kult-Liebesdrama &#8222;Before Midnight&#8220;. Das sind unsere Streaming-Highlights im September 2026.<\/p>\n<p class=\"textauthor\">von Anna Wollner, MDR KULTUR<\/p>\n<p>    &#8222;Der Buchspazierer&#8220; \u2013 m\u00e4rchenhafter Film \u00fcber Literatur<\/p>\n<p class=\"\">Als Christoph Maria Herbst durch Zufall privat den Bestseller &#8222;Der Buchspazierer&#8220; von Carsten Henn las, dachte er noch: Endlich ein Buch, aus dem kein Film wird \u2013 weil er es f\u00fcr unverfilmbar hielt. Er hat sich get\u00e4uscht. Nun spielt er selbst die titelgebende Hauptrolle, den knorrigen, menschenscheuen Buchspazierer Carl Kollhoff.<\/p>\n<p>        <img decoding=\"async\" src=\"https:\/\/www.europesays.com\/at\/wp-content\/uploads\/2026\/09\/der-buchspazierer-108.webp\" alt=\"Szenen aus &quot;Der Buchspazierer&quot;\" title=\"Szenen aus &quot;Der Buchspazierer&quot; | STUDIOCANAL GmbH Filmverleih\" class=\"responsive\" loading=\"lazy\"\/><\/p>\n<p class=\"\">Der Film nimmt uns mit hinein in eine fast schon m\u00e4rchenhaft anmutende deutsche Kleinstadt. Verwinkelte Gassen, Kopfsteinpflaster, Marktst\u00e4nde mit gl\u00e4nzendem, perfektem Obst und Gem\u00fcse. Es ist eine analoge Welt ohne Autos, die ganz heimelig anmutet. In dieser Welt bringt der Buchspazierer mit seinem Tornister-Rucksack noch selbst jeden Tag die B\u00fccher zu seinen Kunden nach Hause, eingepackt in sch\u00f6nes Papier, jedes Buch eine pers\u00f6nliche Empfehlung.<\/p>\n<p>Der Film ist \u2013 \u00e4hnlich wie das Buch \u2013 voller Querverweise auf die gro\u00dfe Weltliteratur. Das Lesen ist das verbindende Element zwischen zwei Au\u00dfenseitern \u2013 dem Buchspazierer und einem kleinen M\u00e4dchen \u2013 die neben der Leidenschaft f\u00fcr das geschriebene Wort vor allem auch eint, dass sie einsam sind. So wird &#8222;Der Buchspazierer&#8220; zu einem gef\u00fchligen Wohlf\u00fchlfilm mit Hang zum Kitsch f\u00fcr alle Leseratten.<\/p>\n<p>&#8222;Der Buchspazierer&#8220;<br \/>Deutschland, 2024<br \/>Regie: Ngo The Chau<br \/>Besetzung: Christoph Maria Herbst, Yuna Bennett, Maren Kroymann, Edin Hasanovic, Ronald Zehrfeld<br \/>L\u00e4nge: 98 Minuten<br \/>FSK: ab 6 Jahren<br \/>Verf\u00fcgbar bis: 1. Oktober 2026<\/p>\n<p class=\"\">Unsere ausgew\u00e4hlten Tipps f\u00fcr Filme, Ausstellungen, Ausflugsziele und mehr gibt es \u00fcbrigens auch direkt auf Ihr Handy in unserem kostenlosen WhatsApp-Kanal &#8222;KULTUR erleben&#8220;. <a href=\"https:\/\/www.mdr.de\/kultur\/whatsapp-channel-kultur-erleben-100~splash.html\" title=\"MDR KULTUR bei WhatsApp: &quot;KULTUR erleben&quot;\" data-url=\"https:\/\/whatsapp.com\/channel\/0029VbB2BsjK0IBq8qHAw12R\" class=\"extlink-preface\" data-type=\"external\" rel=\"nofollow noopener\" target=\"_blank\">Hier k\u00f6nnen Sie uns folgen.<\/a><\/p>\n<p>    &#8222;Phoenix&#8220; \u2013 verst\u00f6render Film Noir mit Nina Hoss<\/p>\n<p class=\"\">Berlin 1945. Die j\u00fcdische S\u00e4ngerin Nelly hat Auschwitz \u00fcberlebt, ihr Gesicht ist durch schwere Verletzungen entstellt. Nach einer Operation sucht sie ihren Mann Johnny. Der erkennt sie nicht \u2013 h\u00e4lt sie aber f\u00fcr geeignet, seine totgeglaubte Frau zu spielen, um an deren Erbe zu kommen. Nelly l\u00e4sst sich auf das verst\u00f6rende Spiel ein.<\/p>\n<p>        <img decoding=\"async\" src=\"https:\/\/www.europesays.com\/at\/wp-content\/uploads\/2026\/09\/phoenix-196.webp\" alt=\"Nina Hoss und Ronald Zehrfeld im Film &quot;Phoenix&quot;\" title=\"Nina Hoss und Ronald Zehrfeld im Film &quot;Phoenix&quot; | Schramm Film \/ Christian Schulz\" class=\"responsive\" loading=\"lazy\"\/><\/p>\n<p class=\"\">Die Ausnahmeschauspielerin Nina Hoss ist hier wie immer ein Ereignis, macht aus dieser eigentlich unglaubw\u00fcrdigen Konstruktion eine Geschichte \u00fcber Verrat, Identit\u00e4t und die Unm\u00f6glichkeit, nach dem Holocaust einfach weiterzumachen.<\/p>\n<p>Regisseur Christian Petzold erz\u00e4hlt bewusst k\u00fcnstlich, bedient sich beim Film Noir und bei Hitchcocks &#8222;Vertigo&#8220;. Vergangenheit l\u00e4sst sich in &#8222;Phoenix&#8220; weder rekonstruieren noch absch\u00fctteln. Allein das Ende geh\u00f6rt mit zu den besten Szenen, die Petzold jemals inszeniert hat.<\/p>\n<p>&#8222;Phoenix&#8220;<br \/>Deutschland, 2014<br \/>Regie: Christian Petzold<br \/>Drehbuch: Christian Petzold<br \/>Besetzung: Nina Hoss, Ronald Zehrfeld, Nina Kunzendorf, Michael Maertens, Imogen Kogge <br \/>L\u00e4nge: 98 Minuten<br \/>Verf\u00fcgbar bis: 8. November 2026<\/p>\n<p>    &#8222;Die innere Sicherheit&#8220; \u2013 Christian Petzolds Kino-Deb\u00fct<\/p>\n<p class=\"\">F\u00fcr seinen ersten Kinofilm hatte &#8222;Berliner Schule&#8220;-Regisseur Christian Petzold sich einen politischen Stoff ausgesucht \u2013 allerdings mit einem Kniff. Er erz\u00e4hlt in &#8222;Die innere Sicherheit&#8220; von der RAF, aber nicht als Politthriller, sondern als Familiendrama.<\/p>\n<p class=\"\">Clara und Hans leben seit Jahrzehnten im Untergrund, gemeinsam mit ihrer 15-j\u00e4hrigen Tochter Jeanne. W\u00e4hrend die Eltern ihre Vergangenheit nicht absch\u00fctteln k\u00f6nnen, will Jeanne endlich in der Gegenwart ankommen. Mit Freunden, der ersten Liebe, einem ganz normalen Leben.<\/p>\n<p>        <img decoding=\"async\" src=\"https:\/\/www.europesays.com\/at\/wp-content\/uploads\/2026\/09\/innere-sicherheit-112.webp\" alt=\"Julia Hummer im Film &quot;Die innere Sicherheit&quot;\" title=\"Julia Hummer im Film &quot;Die innere Sicherheit&quot; | Schramm Film \/ Gordon A. Timpen\" class=\"responsive\" loading=\"lazy\"\/><\/p>\n<p class=\"\">Julia Hummer spielt Jeanne mit einer Mischung aus Trotz, Sehnsucht und gro\u00dfer Wachsamkeit. Das Herausragende: Christian Petzold interessiert sich kaum f\u00fcr die fr\u00fcheren Taten der Eltern, ihn treibt um, was ein Leben auf der Flucht mit den Menschen macht. Und was passiert, wenn politische \u00dcberzeugung wie eine Last an die n\u00e4chste Generation weitergegeben wird. Ein karger, konzentrierter Film, der \u2013 obwohl er 26 Jahre alt ist \u2013 noch immer brandaktuell ist.<\/p>\n<p>&#8222;Die innere Sicherheit&#8220;<br \/>Deutschland, 2000<br \/>Regie: Christian Petzold<br \/>Drehbuch: Christian Petzold, Harun Farocki<br \/>Besetzung: Julia Hummer, Barbara Auer, Richy M\u00fcller<br \/>L\u00e4nge: 106 Minunten<br \/>Verf\u00fcgbar bis: 8. November 2026<\/p>\n<p>    &#8222;Licorice Pizza&#8220; \u2013 Oscar-nominierter Coming-of-Age-Film<\/p>\n<p class=\"\">Kultregisseur Paul Thomas Anderson macht in &#8222;Licorice Pizza&#8220; aus einer ziemlich ungew\u00f6hnlichen Liebesgeschichte einen der sch\u00f6nsten Coming-of-Age-Filme der vergangenen Jahre. Der Film spielt in den 70er-Jahren in Los Angeles, in einer Welt aus Schlaghosen, langen Haaren und gro\u00dfen Tr\u00e4umen. Es geht um den 15-j\u00e4hrigen Gary, Kinderschauspieler, Gesch\u00e4ftemacher und ziemlich selbstbewusst. Bei einem Schulfoto-Shooting verliebt er sich Hals \u00fcber Kopf in die zehn Jahre \u00e4ltere Fotoassistentin Alana. Der Beginn einer wunderbar verschrobenen Freundschaft.<\/p>\n<p>        <img decoding=\"async\" src=\"https:\/\/www.europesays.com\/at\/wp-content\/uploads\/2026\/09\/licorice-pizza-114.webp\" alt=\"Filmszene aus Licorice Pizza\" title=\"Filmszene aus Licorice Pizza | 2021 Metro-Goldwyn-Mayer Pictures Inc.\" class=\"responsive\" loading=\"lazy\"\/><\/p>\n<p class=\"\">&#8222;Licorice Pizza&#8220; lebt von seinen Figuren, kleinen Abenteuern und einer wunderbar l\u00e4ssigen Atmosph\u00e4re. Alana Haim von der Band Haim und Cooper Hoffman, Sohn des 2014 verstorbenen Schauspielers Philip Seymour Hoffman, geben hier beide ihr Kinodeb\u00fct und spielen, als h\u00e4tten sie noch nie etwas anderes in ihrem Leben getan. Dazu kommt ein gro\u00dfartiger 70er-Jahre-Soundtrack mit David Bowie, The Doors und vielen anderen.<\/p>\n<p>&#8222;Licorice Pizza&#8220;<br \/>USA\/Kanada, 2021<br \/>Regie: Paul Thomas Anderson<br \/>Drehbuch: Paul Thomas Anderson<br \/>Besetzung: Alana Haim, Cooper Hoffman, Sean Penn, Tom Waits, Bradley Cooper, Benny Safdie u. a.<br \/>L\u00e4nge: 131 Minuten<br \/>Verf\u00fcgbar bis: 17. September 2026<\/p>\n<p>    &#8222;Before Midnight&#8220; \u2013 sch\u00f6ne Langzeitliebe<\/p>\n<p class=\"\">Es ist die sch\u00f6nste Langzeit-Liebesgeschichte des Kinos. Richard Linklaters &#8222;Before&#8220;-Trilogie. Im dritten Teil, 18 Jahre nach ihrer ersten Begegnung im Nachtzug nach Wien, sind Jesse und C\u00e9line l\u00e4ngst kein romantisches Versprechen mehr, sondern ein Paar mit Kindern, Alltag und einer Menge gemeinsamem Gep\u00e4ck. Im Griechenland-Urlaub reden sie \u00fcber Jobs, verpasste Chancen, Jesses Sohn in den USA \u2013 und irgendwann dar\u00fcber, ob ihre Beziehung \u00fcberhaupt noch funktioniert.<\/p>\n<p>        <img decoding=\"async\" src=\"https:\/\/www.europesays.com\/at\/wp-content\/uploads\/2026\/09\/before-midnight-100.webp\" alt=\"Ethan Hawke und Julie Delpy in &quot;Before Midnight&quot;\" title=\"Ethan Hawke und Julie Delpy in &quot;Before Midnight&quot; | WDR\/2013 Talagane LLC\" class=\"responsive\" loading=\"lazy\"\/><\/p>\n<p class=\"\">Richard Linklater macht daraus fast ausschlie\u00dflich Gespr\u00e4che, die sich beil\u00e4ufig zuspitzen und pl\u00f6tzlich brutal pr\u00e4zise werden. Ethan Hawke und Julie Delpy spielen Jesse und C\u00e9line nicht wie Figuren, sondern wie Menschen, die tats\u00e4chlich miteinander \u00e4lter geworden sind. Gerade deshalb ist &#8222;Before Midnight&#8220; der st\u00e4rkste und schmerzhafteste Teil der Reihe: ein Liebesfilm dar\u00fcber, was nach dem Verlieben kommt.<\/p>\n<p>&#8222;Before Midnight&#8220;<br \/>USA\/Griechenland, 2013<br \/>Regie: Richard Linklater<br \/>Drehbuch: Richard Linklater, Julie Delpy, Ethan Hawke<br \/>Besetzung: Ethan Hawke, Julie Delpy, Seamus Davey-Fitzpatrick<br \/>L\u00e4nge: 105 Minuten<br \/>Verf\u00fcgbar bis: 23. September 2026<\/p>\n<p>                    \u00dcber mich<\/p>\n<p>Ich bin Anna Wollner, lebe in Berlin und schreibe und spreche seit \u00fcber 15 Jahren f\u00fcr MDR KULTUR \u00fcber Filme und Serien, treffe die gro\u00dfen und kleinen Filmstars aus Hollywood und Umgebung zu Interviews. Mein Motto: Hauptsache es flimmert.<\/p>\n<p class=\"\">Redaktionelle Bearbeitung: Juliane Streich<\/p>\n<p>Weitere Highlights in der ARD Mediathek<\/p>\n<p>        <img decoding=\"async\" src=\"https:\/\/www.europesays.com\/at\/wp-content\/uploads\/2026\/09\/so-long-marianne-114.webp\" alt=\"Szene aus der Serie So long, Marianne\" title=\"Szene aus der Serie So long, Marianne | NDR\/Nikos Nikolopoulos\" class=\"responsive\" loading=\"lazy\"\/><\/p>\n<p>        <img decoding=\"async\" src=\"https:\/\/www.europesays.com\/at\/wp-content\/uploads\/2026\/09\/ki-dating-zukunft-100.webp\" alt=\"Mensch und humanoider Roboter halten H\u00e4ndchen vor einem leuchtenden Herzsymbol in futuristischer Umgebung.\" title=\"Mensch und humanoider Roboter halten H\u00e4ndchen vor einem leuchtenden Herzsymbol in futuristischer Umgebung. | MDR\" class=\"responsive\" loading=\"lazy\"\/><\/p>\n<p>        <img decoding=\"async\" src=\"https:\/\/www.europesays.com\/at\/wp-content\/uploads\/2026\/09\/surface-104.webp\" alt=\"Szene aus der Serie &quot;Surface&quot;\" title=\"Szene aus der Serie &quot;Surface&quot; | \u00a9 ARD Degeto Film\/France T\u00e9l\u00e9visions\/Quad Drama\/Fabien Malot\" class=\"responsive\" loading=\"lazy\"\/><\/p>\n<p>        <img decoding=\"async\" src=\"https:\/\/www.europesays.com\/at\/wp-content\/uploads\/2026\/09\/kino-432.webp\" alt=\"roter Kinosaal\" title=\"roter Kinosaal | IMAGO \/ Funke Foto Services\" class=\"responsive\" loading=\"lazy\"\/><\/p>\n","protected":false},"excerpt":{"rendered":"Streaming-Tipps Stand: 31.08.2026 04:00 Uhr Die besten Filme im September in der ARD Mediathek: Der Bestseller-Film &#8222;Der Buchspazierer&#8220;&hellip;\n","protected":false},"author":2,"featured_media":367774,"comment_status":"","ping_status":"","sticky":false,"template":"","format":"standard","meta":{"footnotes":"","_share_on_mastodon":"0"},"categories":[25],"tags":[46,42,92427,34784,1488,147,14024,208,1859,152,6888,21898,92426,44,156,155,838,5555,148],"class_list":["post-367773","post","type-post","status-publish","format-standard","has-post-thumbnail","category-serien","tag-at","tag-austria","tag-christian-petzold","tag-christoph-maria-herbst","tag-coming-of-age","tag-entertainment","tag-ethan-hawke","tag-film","tag-filme","tag-kino","tag-liebesfilm","tag-mediathek","tag-nina-hoss","tag-oesterreich","tag-serien","tag-series","tag-streaming","tag-tipps","tag-unterhaltung"],"share_on_mastodon":{"url":"https:\/\/pubeurope.com\/@at\/117193901306851237","error":""},"_links":{"self":[{"href":"https:\/\/www.europesays.com\/at\/wp-json\/wp\/v2\/posts\/367773","targetHints":{"allow":["GET"]}}],"collection":[{"href":"https:\/\/www.europesays.com\/at\/wp-json\/wp\/v2\/posts"}],"about":[{"href":"https:\/\/www.europesays.com\/at\/wp-json\/wp\/v2\/types\/post"}],"author":[{"embeddable":true,"href":"https:\/\/www.europesays.com\/at\/wp-json\/wp\/v2\/users\/2"}],"replies":[{"embeddable":true,"href":"https:\/\/www.europesays.com\/at\/wp-json\/wp\/v2\/comments?post=367773"}],"version-history":[{"count":0,"href":"https:\/\/www.europesays.com\/at\/wp-json\/wp\/v2\/posts\/367773\/revisions"}],"wp:featuredmedia":[{"embeddable":true,"href":"https:\/\/www.europesays.com\/at\/wp-json\/wp\/v2\/media\/367774"}],"wp:attachment":[{"href":"https:\/\/www.europesays.com\/at\/wp-json\/wp\/v2\/media?parent=367773"}],"wp:term":[{"taxonomy":"category","embeddable":true,"href":"https:\/\/www.europesays.com\/at\/wp-json\/wp\/v2\/categories?post=367773"},{"taxonomy":"post_tag","embeddable":true,"href":"https:\/\/www.europesays.com\/at\/wp-json\/wp\/v2\/tags?post=367773"}],"curies":[{"name":"wp","href":"https:\/\/api.w.org\/{rel}","templated":true}]}}