{"id":367797,"date":"2026-09-01T04:42:08","date_gmt":"2026-09-01T04:42:08","guid":{"rendered":"https:\/\/www.europesays.com\/at\/367797\/"},"modified":"2026-09-01T04:42:08","modified_gmt":"2026-09-01T04:42:08","slug":"86-jaehriger-stirbt-nach-kollision-mit-baum-in-linz","status":"publish","type":"post","link":"https:\/\/www.europesays.com\/at\/367797\/","title":{"rendered":"86-J\u00e4hriger stirbt nach Kollision mit Baum in Linz"},"content":{"rendered":"<p> LINZ. Ein 86-j\u00e4hriger Autofahrer ist nach einem schweren Verkehrsunfall in der Freist\u00e4dter Stra\u00dfe in Linz gestorben. <\/p>\n<p>Der Mann fuhr am Montag kurz nach 11 Uhr mit seinem Auto in der Freist\u00e4dter Stra\u00dfe in Linz. Laut Augenzeugen kam er nach rechts von der Fahrbahn ab, fuhr \u00fcber die dortige B\u00f6schung hinauf und kollidierte mit einem Baum. Dadurch kippte der PKW um und blieb auf dem Dach liegen.<\/p>\n<p>Reanimation vor Ort<\/p>\n<p>Der Lenker war zun\u00e4chst ansprechbar, verlor aber w\u00e4hrend der medizinischen Versorgung das Bewusstsein und musste reanimiert werden. Anschlie\u00dfend wurde er unter not\u00e4rztlicher Begleitung in das Kepler Uniklinikum gebracht. Dort erlag er aber seinen Verletzungen.<\/p>\n","protected":false},"excerpt":{"rendered":"LINZ. Ein 86-j\u00e4hriger Autofahrer ist nach einem schweren Verkehrsunfall in der Freist\u00e4dter Stra\u00dfe in Linz gestorben. Der Mann&hellip;\n","protected":false},"author":2,"featured_media":367798,"comment_status":"","ping_status":"","sticky":false,"template":"","format":"standard","meta":{"footnotes":"","_share_on_mastodon":"0"},"categories":[30],"tags":[46,42,6818,92430,14931,184,276,44,6621,405,5401,2137,34586,15683,302],"class_list":["post-367797","post","type-post","status-publish","format-standard","has-post-thumbnail","category-linz","tag-at","tag-austria","tag-baum","tag-freistaedter-strasse","tag-kepler-uniklinikum","tag-linz","tag-oberoesterreich","tag-oesterreich","tag-pkw","tag-polizei","tag-reanimation","tag-toedlich","tag-unfallhergang","tag-verkehrssicherheit","tag-verkehrsunfall"],"share_on_mastodon":{"url":"https:\/\/pubeurope.com\/@at\/117193955342240814","error":""},"_links":{"self":[{"href":"https:\/\/www.europesays.com\/at\/wp-json\/wp\/v2\/posts\/367797","targetHints":{"allow":["GET"]}}],"collection":[{"href":"https:\/\/www.europesays.com\/at\/wp-json\/wp\/v2\/posts"}],"about":[{"href":"https:\/\/www.europesays.com\/at\/wp-json\/wp\/v2\/types\/post"}],"author":[{"embeddable":true,"href":"https:\/\/www.europesays.com\/at\/wp-json\/wp\/v2\/users\/2"}],"replies":[{"embeddable":true,"href":"https:\/\/www.europesays.com\/at\/wp-json\/wp\/v2\/comments?post=367797"}],"version-history":[{"count":0,"href":"https:\/\/www.europesays.com\/at\/wp-json\/wp\/v2\/posts\/367797\/revisions"}],"wp:featuredmedia":[{"embeddable":true,"href":"https:\/\/www.europesays.com\/at\/wp-json\/wp\/v2\/media\/367798"}],"wp:attachment":[{"href":"https:\/\/www.europesays.com\/at\/wp-json\/wp\/v2\/media?parent=367797"}],"wp:term":[{"taxonomy":"category","embeddable":true,"href":"https:\/\/www.europesays.com\/at\/wp-json\/wp\/v2\/categories?post=367797"},{"taxonomy":"post_tag","embeddable":true,"href":"https:\/\/www.europesays.com\/at\/wp-json\/wp\/v2\/tags?post=367797"}],"curies":[{"name":"wp","href":"https:\/\/api.w.org\/{rel}","templated":true}]}}