{"id":367803,"date":"2026-09-01T04:45:23","date_gmt":"2026-09-01T04:45:23","guid":{"rendered":"https:\/\/www.europesays.com\/at\/367803\/"},"modified":"2026-09-01T04:45:23","modified_gmt":"2026-09-01T04:45:23","slug":"emotionale-nachricht-nichte-bestaetigt-parton-wurde-bereits-beigesetzt","status":"publish","type":"post","link":"https:\/\/www.europesays.com\/at\/367803\/","title":{"rendered":"Emotionale Nachricht &#8211; Nichte best\u00e4tigt: Parton wurde bereits beigesetzt"},"content":{"rendered":"<p>Parton unterst\u00fctzte Tr\u00e4ume ihrer Nichte<br \/>Etwa, als sie ihr erz\u00e4hlt habe, dass sie eine Ausbildung im Beauty-Bereich machen wolle, habe Dolly nie hinterfragt, warum sie nicht aufs College gehen wollte. \u201eSie sagte mir, sie k\u00f6nne sich nicht vorstellen, dass ich etwas anderes mache. Sie unterst\u00fctzte mich finanziell w\u00e4hrend meiner Ausbildung und half mir dabei, meine Karriere zu starten\u201c, schilderte Lainey. \u201eSie sagte mir nicht einfach nur, ich solle meinen Tr\u00e4umen folgen \u2013 sie half mir dabei, sie zu verwirklichen.\u201c<\/p>\n","protected":false},"excerpt":{"rendered":"Parton unterst\u00fctzte Tr\u00e4ume ihrer NichteEtwa, als sie ihr erz\u00e4hlt habe, dass sie eine Ausbildung im Beauty-Bereich machen wolle,&hellip;\n","protected":false},"author":2,"featured_media":367804,"comment_status":"","ping_status":"","sticky":false,"template":"","format":"standard","meta":{"footnotes":"","_share_on_mastodon":"0"},"categories":[27],"tags":[46,42,92431,175,70596,25071,46756,147,90280,92432,92433,92434,44,46758,176,92435,148],"class_list":["post-367803","post","type-post","status-publish","format-standard","has-post-thumbnail","category-prominente","tag-at","tag-austria","tag-carl-dean","tag-celebrities","tag-dolly","tag-dolly-parton","tag-dolly-partons","tag-entertainment","tag-jolene","tag-lainey","tag-lainey-parton","tag-lainey-mit","tag-oesterreich","tag-parton","tag-prominente","tag-smoky-mountain-dna","tag-unterhaltung"],"share_on_mastodon":{"url":"https:\/\/pubeurope.com\/@at\/117193967290365431","error":""},"_links":{"self":[{"href":"https:\/\/www.europesays.com\/at\/wp-json\/wp\/v2\/posts\/367803","targetHints":{"allow":["GET"]}}],"collection":[{"href":"https:\/\/www.europesays.com\/at\/wp-json\/wp\/v2\/posts"}],"about":[{"href":"https:\/\/www.europesays.com\/at\/wp-json\/wp\/v2\/types\/post"}],"author":[{"embeddable":true,"href":"https:\/\/www.europesays.com\/at\/wp-json\/wp\/v2\/users\/2"}],"replies":[{"embeddable":true,"href":"https:\/\/www.europesays.com\/at\/wp-json\/wp\/v2\/comments?post=367803"}],"version-history":[{"count":0,"href":"https:\/\/www.europesays.com\/at\/wp-json\/wp\/v2\/posts\/367803\/revisions"}],"wp:featuredmedia":[{"embeddable":true,"href":"https:\/\/www.europesays.com\/at\/wp-json\/wp\/v2\/media\/367804"}],"wp:attachment":[{"href":"https:\/\/www.europesays.com\/at\/wp-json\/wp\/v2\/media?parent=367803"}],"wp:term":[{"taxonomy":"category","embeddable":true,"href":"https:\/\/www.europesays.com\/at\/wp-json\/wp\/v2\/categories?post=367803"},{"taxonomy":"post_tag","embeddable":true,"href":"https:\/\/www.europesays.com\/at\/wp-json\/wp\/v2\/tags?post=367803"}],"curies":[{"name":"wp","href":"https:\/\/api.w.org\/{rel}","templated":true}]}}