{"id":367849,"date":"2026-09-01T05:14:09","date_gmt":"2026-09-01T05:14:09","guid":{"rendered":"https:\/\/www.europesays.com\/at\/367849\/"},"modified":"2026-09-01T05:14:09","modified_gmt":"2026-09-01T05:14:09","slug":"von-der-leyen-europa-muss-sich-auf-neue-aera-gleichzeitiger-katastrophen-einstellen","status":"publish","type":"post","link":"https:\/\/www.europesays.com\/at\/367849\/","title":{"rendered":"Von der Leyen: Europa muss sich auf neue \u00c4ra gleichzeitiger Katastrophen einstellen"},"content":{"rendered":"<p>\n         Zuerst ver\u00f6ffentlicht am<br \/>\n            01\/09\/2026 &#8211; 6:41 MESZ\n            <\/p>\n<p>EU-Kommissionspr\u00e4sidentin Ursula von der Leyen hat gewarnt, die Europ\u00e4ische Union m\u00fcsse ihren Katastrophenschutz an eine Welt mit immer h\u00e4ufigeren, heftigeren und gleichzeitigen Notlagen anpassen. Die ungew\u00f6hnlich fr\u00fche Waldbrandsaison habe die nationalen Feuerwehren bereits stark unter Druck gesetzt.<\/p>\n<p>          <img decoding=\"async\" class=\"c-ad__placeholder__logo\" src=\"https:\/\/static.euronews.com\/website\/images\/logos\/logo-euronews-stacked-outlined-72x72-grey-9.svg\" width=\"72\" height=\"72\" alt=\"\" loading=\"lazy\"\/><br \/>\n          WERBUNG<\/p>\n<p>          <img decoding=\"async\" class=\"c-ad__placeholder__logo\" src=\"https:\/\/static.euronews.com\/website\/images\/logos\/logo-euronews-stacked-outlined-72x72-grey-9.svg\" width=\"72\" height=\"72\" alt=\"\" loading=\"lazy\"\/><br \/>\n          WERBUNG<\/p>\n<p>\u201eWir m\u00fcssen auf eine Welt vorbereitet sein, in der extreme Ereignisse immer \u00f6fter, an mehr Orten und gleichzeitig auftreten\u201c, sagte von der Leyen im Europ\u00e4ischen Zentrum f\u00fcr die Krisenreaktion, einer Einheit des Katastrophenschutzes der Kommission.<\/p>\n<p>Die Kommissionschefin erkl\u00e4rte, dass sich die Art der Katastrophen ver\u00e4ndert. Der Klimawandel macht extremes Wetter unberechenbarer, Krisen treten immer h\u00e4ufiger gleichzeitig auf und k\u00f6nnen einzelne Staaten \u00fcberfordern.<\/p>\n<p>Von der Leyen betonte, dass <a href=\"https:\/\/de.euronews.com\/tag\/waldbraende\" rel=\"nofollow noopener\" target=\"_blank\">die Waldbr\u00e4nde<\/a> in diesem Sommer zahlreiche internationale Eins\u00e4tze ausgel\u00f6st haben. Seit April sei der Katastrophenschutzmechanismus der EU bereits zehn Mal wegen Waldbr\u00e4nden ausgel\u00f6st worden.<\/p>\n<p>Fast 800 Feuerwehrleute standen vorsorglich in Hochrisikogebieten bereit. Im Sommer waren Teams aus 25 L\u00e4ndern im Einsatz, nachdem in Europa seit Mai vier Hitzewellen registriert wurden.<\/p>\n<p>Die Kommissarin f\u00fcr humanit\u00e4re Hilfe und Krisenmanagement, Hadja Lahbib, erl\u00e4uterte; dass die Beh\u00f6rden in diesem Sommer wegen der Waldbr\u00e4nde rund 300.000 Menschen in Sicherheit gebracht haben.<\/p>\n<p>\u201eWir haben eine gute Strategie, aber wir m\u00fcssen sie ausbauen. Der Klimawandel klopft nicht mehr an die T\u00fcr, er ist bereits im Raum. Er ist in Europa, und leider sind wir der sich am schnellsten erw\u00e4rmende Kontinent\u201c, sagte Lahbib.<\/p>\n<p>Das Problem mit dem Geld f\u00fcr Katastrophenschutz<\/p>\n<p>Nach Angaben der Kommission sind in der EU in diesem Jahr mehr als 600.000 Hektar verbrannt. Das ist mehr als doppelt so viel wie der Durchschnitt der vergangenen zwei Jahrzehnte.<\/p>\n<p>Angesichts immer h\u00e4ufigerer Klimakatastrophen betonte von der Leyen, es reiche nicht mehr, erst bei Br\u00e4nden, \u00dcberschwemmungen oder Erdbeben Ressourcen zu mobilisieren. Die EU wolle aus jeder Krise Lehren ziehen, um besser vorbereitet zu sein und fr\u00fcher eingreifen zu k\u00f6nnen.<\/p>\n<p>Die Regierungen der Mitgliedstaaten stehen jedoch finanziell unter Druck. Die Spannungen wachsen, seit die Verhandlungen \u00fcber den langfristigen EU-Haushalt f\u00fcr den Zeitraum 2027 bis 2034 wieder laufen. Deutschland, \u00d6sterreich, D\u00e4nemark, Finnland, die Niederlande und Schweden dr\u00e4ngen auf K\u00fcrzungen.<\/p>\n<p>In einem aktuellen Interview mit Euronews r\u00e4umte <a href=\"https:\/\/de.euronews.com\/my-europe\/2026\/09\/01\/eu-klimakommissar-hoekstra-warnt-vor-kosten-durch-klimakatastrophen\" rel=\"nofollow noopener\" target=\"_blank\">Klimaschutzkommissar Wopke Hoekstra die angespannte Haushaltslage ein<\/a>. Er h\u00e4lt dennoch daran fest, dass Investitionen in Pr\u00e4vention effizienter sind, als immer wieder f\u00fcr Klimasch\u00e4den zu zahlen.<\/p>\n<p>\u201eAlle Daten zeigen, dass Investitionen im Voraus deutlich g\u00fcnstiger sind, als sich von Br\u00e4nden und \u00dcberschwemmungen treffen zu lassen und dann f\u00fcr die Sch\u00e4den zu zahlen. Das kommt einfach viel teurer\u201c, sagte Hoekstra.<\/p>\n<p>Vorbereitung auf hybride Bedrohungen?<\/p>\n<p>Gleichzeitig ver\u00e4ndert sich der Ansatz der EU im Katastrophenschutz. Statt nur f\u00fcr einzelne Ereignisse zu planen, wird die Vorbereitung auf mehrere gleichzeitig ablaufende Krisen immer wichtiger.<\/p>\n<p>Neben \u00dcberschwemmungen, Waldbr\u00e4nden und anderen Extremwetterereignissen r\u00fccken inzwischen auch Cyberangriffe, Sabotage an kritischer Infrastruktur wie Energieanlagen oder Krankenh\u00e4usern und andere \u201ehybride\u201c Bedrohungen in den Fokus. Sie k\u00f6nnen das Alltagsleben massiv st\u00f6ren, ohne wie ein klassischer milit\u00e4rischer Angriff auszusehen.<\/p>\n<p>Vor Kurzem haben Politikerinnen und Politiker aus Staaten an der Ostflanke der EU Ursula von der Leyen aufgefordert, angesichts wachsender russischer Drohungen gegen die baltischen Staaten rasch zu handeln. Sie schlagen unter anderem die Einsetzung eines neuen hochrangigen Koordinators f\u00fcr die Region vor.<\/p>\n<p>Bereits im M\u00e4rz 2025 warnte Lahbib, dass bessere Koordination, <a href=\"https:\/\/de.euronews.com\/my-europe\/2025\/03\/28\/72-stunden-notfallpaket-was-empfehlen-eu-lander-fur-den-ernstfall\" rel=\"nofollow noopener\" target=\"_blank\">Notfallreserven<\/a> und eine widerstandsf\u00e4higere Bev\u00f6lkerung gebraucht w\u00fcrden. Die Menschen sollten demnach angeleitet werden, mindestens 72 Stunden in ihren Haushalten allein zurechtzukommen.<\/p>\n","protected":false},"excerpt":{"rendered":"Zuerst ver\u00f6ffentlicht am 01\/09\/2026 &#8211; 6:41 MESZ EU-Kommissionspr\u00e4sidentin Ursula von der Leyen hat gewarnt, die Europ\u00e4ische Union m\u00fcsse&hellip;\n","protected":false},"author":2,"featured_media":367850,"comment_status":"","ping_status":"","sticky":false,"template":"","format":"standard","meta":{"footnotes":"","_share_on_mastodon":"0"},"categories":[3],"tags":[25720,76,46424,75,74,92440,60163,4876,42826],"class_list":["post-367849","post","type-post","status-publish","format-standard","has-post-thumbnail","category-europa","tag-erderwaermung-und-klimawandel","tag-eu","tag-eu-politik","tag-europa","tag-europe","tag-hadja-lahbib","tag-sabotage","tag-ursula-von-der-leyen","tag-waldbraende"],"share_on_mastodon":{"url":"https:\/\/pubeurope.com\/@at\/117194082129391665","error":""},"_links":{"self":[{"href":"https:\/\/www.europesays.com\/at\/wp-json\/wp\/v2\/posts\/367849","targetHints":{"allow":["GET"]}}],"collection":[{"href":"https:\/\/www.europesays.com\/at\/wp-json\/wp\/v2\/posts"}],"about":[{"href":"https:\/\/www.europesays.com\/at\/wp-json\/wp\/v2\/types\/post"}],"author":[{"embeddable":true,"href":"https:\/\/www.europesays.com\/at\/wp-json\/wp\/v2\/users\/2"}],"replies":[{"embeddable":true,"href":"https:\/\/www.europesays.com\/at\/wp-json\/wp\/v2\/comments?post=367849"}],"version-history":[{"count":0,"href":"https:\/\/www.europesays.com\/at\/wp-json\/wp\/v2\/posts\/367849\/revisions"}],"wp:featuredmedia":[{"embeddable":true,"href":"https:\/\/www.europesays.com\/at\/wp-json\/wp\/v2\/media\/367850"}],"wp:attachment":[{"href":"https:\/\/www.europesays.com\/at\/wp-json\/wp\/v2\/media?parent=367849"}],"wp:term":[{"taxonomy":"category","embeddable":true,"href":"https:\/\/www.europesays.com\/at\/wp-json\/wp\/v2\/categories?post=367849"},{"taxonomy":"post_tag","embeddable":true,"href":"https:\/\/www.europesays.com\/at\/wp-json\/wp\/v2\/tags?post=367849"}],"curies":[{"name":"wp","href":"https:\/\/api.w.org\/{rel}","templated":true}]}}