{"id":368009,"date":"2026-09-01T06:58:22","date_gmt":"2026-09-01T06:58:22","guid":{"rendered":"https:\/\/www.europesays.com\/at\/368009\/"},"modified":"2026-09-01T06:58:22","modified_gmt":"2026-09-01T06:58:22","slug":"ralf-schumacher-muss-nach-schwerem-jetski-sturz-in-die-klinik","status":"publish","type":"post","link":"https:\/\/www.europesays.com\/at\/368009\/","title":{"rendered":"Ralf Schumacher muss nach schwerem Jetski-Sturz in die Klinik"},"content":{"rendered":"<p class=\"content__description\" data-speakable=\"\">Erst eine ausgekugelte Schulter, dann der Befund am n\u00e4chsten Morgen: Nach seinem Sturz in der RTL-Show &#8222;Jetski Star WM&#8220; f\u00e4llt die Diagnose bei Ralf Schumacher schwerer aus als zun\u00e4chst gedacht.<\/p>\n<p data-speakable=\"\"><a data-component-name=\"link.semantic\" data-brain-zone=\".42668458.content.textlink_1\" data-component-path=\"content.textlink_1\" href=\"https:\/\/www.gmx.at\/magazine\/sport\/thema\/ralf-schumacher\" rel=\"nofollow noopener\" target=\"_blank\">Ralf Schumacher<\/a> muss sich nach seinem Sturz bei der RTL-Show &#8222;Jetski Star WM&#8220; einer Operation unterziehen. Das teilte der 51-J\u00e4hrige am Sonntag <a target=\"_blank\" data-brain-zone=\".42668458.content.textlink_2\" data-component-path=\"content.textlink_2\" data-component-name=\"link.external\" rel=\"noopener nofollow\" href=\"https:\/\/www.instagram.com\/p\/DcqEOFBIwUL\/?hl=de\">bei Instagram<\/a> mit. Zus\u00e4tzlich zu der <a data-brain-zone=\".42668458.content.textlink_3\" data-component-path=\"content.textlink_3\" data-component-name=\"link.editorial\" href=\"https:\/\/www.gmx.at\/magazine\/unterhaltung\/tv-shows\/raabs-jetski-star-wm-ralf-schumacher-kugelt-schulter-42667936\" rel=\"nofollow noopener\" target=\"_blank\">zun\u00e4chst diagnostizierten Schulterluxation<\/a> sei ein St\u00fcck Knochen abgebrochen.<\/p>\n<p data-speakable=\"\">Unmittelbar nach dem Unfall am Samstagabend hatte es noch nach einer glimpflichen Sache ausgesehen. Die Schulter des fr\u00fcheren Formel-1-Piloten wurde vor Ort wieder eingerenkt, anschlie\u00dfend fuhr er zur Kontrolle ins BG Klinikum Duisburg. Dort wurde er nach eigenen Angaben zun\u00e4chst ger\u00f6ntgt, am n\u00e4chsten Morgen folgte ein MRT. Erst diese Untersuchungen brachten die zweite Verletzung ans Licht.<\/p>\n<p>Ralf Schumacher hat &#8222;eine kleine OP&#8220; vor sich<\/p>\n<p data-speakable=\"\">&#8222;War zwar nur eine Schulterluxation oder ausgerenkte Schulter, aber leider ist ein St\u00fcck Knochen mit abgebrochen&#8220;, sagt Schumacher in einer Videobotschaft. Deshalb stehe nun &#8222;eine kleine OP&#8220; an.<\/p>\n<p data-speakable=\"\">&#8222;Ich bin gerade auf dem Weg nach \u00d6sterreich, dort werde ich am Montag an der rechten Schulter operiert&#8220;, sagte er am Sonntag <a target=\"_blank\" data-brain-zone=\".42668458.content.textlink_4\" data-component-path=\"content.textlink_4\" data-component-name=\"link.external\" rel=\"noopener nofollow\" href=\"https:\/\/www.bild.de\/sport\/mehr-sport\/ralf-schumacher-nach-unfall-bei-raab-montag-op-6a94077bd88567044d84a0ad\">der &#8222;Bild&#8220;-Zeitung<\/a>. Die Schulter schmerze die ganze Zeit, aber nach der Operation sollte es besser gehen. Nach der OP werde er eine Nacht im Krankenhaus bleiben und am Donnerstag nach Monza reisen. Der Arzt rechnet laut Schumacher damit, dass die Verletzung nach f\u00fcnf bis sechs Monaten vollst\u00e4ndig verheilt ist.<\/p>\n<p data-speakable=\"\">Sein n\u00e4chster Arbeitseinsatz als Sky-Experte steht offenbar nicht infrage. &#8222;Dann sollte ich dann auch in Monza wieder vor Ort sein&#8220;, sagte er in seinem Video mit Blick auf das anstehende Formel-1-Wochenende in Italien. &#8222;Muss ja mein Mikro nur mit links halten.&#8220; Auch der Sender best\u00e4tigte <a target=\"_blank\" data-brain-zone=\".42668458.content.textlink_5\" data-component-path=\"content.textlink_5\" data-component-name=\"link.external\" rel=\"noopener nofollow\" href=\"https:\/\/www.instagram.com\/p\/DcqY3dsjHlt\/?hl=de&amp;img_index=1\">auf Instagram<\/a>, dass Schumacher trotz des Eingriffs in Monza am Mikrofon stehen soll.<\/p>\n<p><a href=\"https:\/\/www.gmx.at\/magazine\/sport\/mehr-sport\/pogacar-meldet-schwerem-sturz-krankenhaus-42667560\" data-brain-zone=\".42668458.content.teaser_2.1\" data-component-path=\"content.teaser_2.1\" data-component-name=\"link.editorial\" class=\"teaser teaser--horizontal\" data-block-name=\"content.teaser_2\" data-item-position=\"1\" data-item-source=\"cms\" data-article-id=\"cmd:42667560\" rel=\"nofollow noopener\" target=\"_blank\"><\/p>\n<p><img decoding=\"async\" src=\"https:\/\/www.europesays.com\/at\/wp-content\/uploads\/2026\/09\/tadej-pogacar.jpg\" alt=\"\" width=\"76\" height=\"76\" loading=\"lazy\" class=\"teaser__image\"\/><\/p>\n<p>\nMehrere Br\u00fcche\n<\/p>\n<p>Pogacar meldet sich nach schwerem Sturz aus dem Krankenhaus<\/p>\n<p><\/a><br \/>\nDank an die Helfer vor Ort<\/p>\n<p data-speakable=\"\">Ausdr\u00fccklich bedankte sich Schumacher bei denjenigen, die nach dem Sturz eingegriffen hatten. &#8222;Vielen lieben Dank an das Team vor Ort, die mir die Schulter wieder eingerenkt haben und die mich aus dem Wasser gezogen haben&#8220;, sagte er. Das sei sehr schnell gegangen. Auch die \u00c4rzte der Duisburger Klinik hob er hervor.<\/p>\n<p data-speakable=\"\">Beim Versuch, den Jetski im Wasser wieder umzudrehen, hatte Schumacher bereits Schmerzen gesp\u00fcrt. Als er sich anschlie\u00dfend zur\u00fcck auf das Fahrzeug ziehen wollte, wurde die Schulter ausgekugelt. Seinen Humor verlor der Ex-Rennfahrer dabei nicht. &#8222;Das muss man erstmal schaffen&#8220;, sagte er im Clip. Vielleicht sei er inzwischen &#8222;einfach zu alt f\u00fcr den Mist&#8220;.<\/p>\n<p data-speakable=\"\">Du m\u00f6chtest unsere Inhalte h\u00e4ufiger in der Google-Suche sehen? <a target=\"_blank\" data-brain-zone=\".42668458.content.textlink_6\" data-component-path=\"content.textlink_6\" data-component-name=\"link.external\" rel=\"noopener nofollow\" href=\"https:\/\/www.google.com\/preferences\/source?q=gmx.at\">Dann mach uns hier zu deiner bevorzugten Quelle bei Google.<\/a><\/p>\n<p><a href=\"https:\/\/www.gmx.at\/magazine\/unterhaltung\/tv-shows\/stefan-raabs-tv-spektakel-saeuft-42667114\" data-brain-zone=\".42668458.content.teaser_3.1\" data-component-path=\"content.teaser_3.1\" data-component-name=\"link.editorial\" class=\"teaser teaser--horizontal\" data-block-name=\"content.teaser_3\" data-item-position=\"1\" data-item-source=\"cms\" data-article-id=\"cmd:42667114\" rel=\"nofollow noopener\" target=\"_blank\"><\/p>\n<p><img decoding=\"async\" src=\"https:\/\/www.europesays.com\/at\/wp-content\/uploads\/2026\/09\/42667278,pd=1,f=teaser-xs-box.jpg\" alt=\"\" width=\"76\" height=\"76\" loading=\"lazy\" class=\"teaser__image\"\/><\/p>\n<p>\nSatire<\/p>\n<p>|Jetski Star WM\n<\/p>\n<p>Stefan Raabs neues TV-Spektakel s\u00e4uft ab<\/p>\n<p><img decoding=\"async\" src=\"https:\/\/www.europesays.com\/at\/wp-content\/uploads\/2026\/09\/38343366,pd=2,f=responsive-author-w60.jpg\" alt=\"\" width=\"60\" height=\"60\" loading=\"lazy\"\/><\/p>\n<p>von Robert Penz<\/p>\n<p><\/a><br \/>\nSo kam es zu dem Sturz<\/p>\n<p data-speakable=\"\">Schumacher war am Samstagabend gemeinsam mit <a data-component-name=\"link.semantic\" data-brain-zone=\".42668458.content.textlink_7\" data-component-path=\"content.textlink_7\" href=\"https:\/\/www.gmx.at\/magazine\/unterhaltung\/thema\/stefan-raab\" rel=\"nofollow noopener\" target=\"_blank\">Stefan Raab<\/a> (59) in der Team-Challenge angetreten, beide sa\u00dfen auf einem Jetski. Nach einem Sturz ins Wasser schaffte es Schumacher nicht zur\u00fcck auf das Fahrzeug. Raab bemerkte, dass etwas nicht stimmte, und rief Helfer herbei.<\/p>\n<p data-speakable=\"\">Noch w\u00e4hrend der Sendung sprach Raab \u00fcber seinen Teampartner: &#8222;Er ist jetzt gerade im Krankenhaus, aber es ist hoffentlich nichts Schlimmeres.&#8220; <\/p>\n<p data-speakable=\"\">Schumacher selbst meldete sich kurz nach dem Unfall bei Moderatorin Laura Wontorra. &#8222;Der Arzt hat wieder alles eingerenkt&#8220;, erkl\u00e4rte er und r\u00e4umte ein: &#8222;Das tut echt weh.&#8220;<\/p>\n<p>Empfehlungen der Redaktion<\/p>\n<p>Schumacher w\u00fcrde erneut antreten<\/p>\n<p data-speakable=\"\">Trotz des Ausgangs zieht der 51-J\u00e4hrige ein positives Fazit. Die &#8222;mega Veranstaltung&#8220; habe ihm viel Spa\u00df gemacht. Dass er den Teamwettbewerb mit Raab nicht zu Ende bringen konnte, \u00e4rgert ihn nach eigenen Worten: &#8222;Sorry, dass wir den Teamwettbewerb nicht so gewinnen konnten, aber beim n\u00e4chsten Mal sind wir bestimmt besser.&#8220; Bei einer weiteren Ausgabe der Show w\u00e4re er nach eigener Aussage wieder dabei. (jom\/spot)\u00a0<br \/>\n\u00a9 1&amp;1 Mail &amp; Media\/spot on news\n<\/p>\n<p> <script async src=\"\/\/www.instagram.com\/embed.js\"><\/script><\/p>\n","protected":false},"excerpt":{"rendered":"Erst eine ausgekugelte Schulter, dann der Befund am n\u00e4chsten Morgen: Nach seinem Sturz in der RTL-Show &#8222;Jetski Star&hellip;\n","protected":false},"author":2,"featured_media":368010,"comment_status":"","ping_status":"","sticky":false,"template":"","format":"standard","meta":{"footnotes":"","_share_on_mastodon":"0"},"categories":[27],"tags":[46,42,40834,175,147,86201,92180,44,176,9962,5009,148],"class_list":["post-368009","post","type-post","status-publish","format-standard","has-post-thumbnail","category-prominente","tag-at","tag-austria","tag-befund","tag-celebrities","tag-entertainment","tag-jetski","tag-monza","tag-oesterreich","tag-prominente","tag-ralf-schumacher","tag-stefan-raab","tag-unterhaltung"],"share_on_mastodon":{"url":"https:\/\/pubeurope.com\/@at\/117194490085976207","error":""},"_links":{"self":[{"href":"https:\/\/www.europesays.com\/at\/wp-json\/wp\/v2\/posts\/368009","targetHints":{"allow":["GET"]}}],"collection":[{"href":"https:\/\/www.europesays.com\/at\/wp-json\/wp\/v2\/posts"}],"about":[{"href":"https:\/\/www.europesays.com\/at\/wp-json\/wp\/v2\/types\/post"}],"author":[{"embeddable":true,"href":"https:\/\/www.europesays.com\/at\/wp-json\/wp\/v2\/users\/2"}],"replies":[{"embeddable":true,"href":"https:\/\/www.europesays.com\/at\/wp-json\/wp\/v2\/comments?post=368009"}],"version-history":[{"count":0,"href":"https:\/\/www.europesays.com\/at\/wp-json\/wp\/v2\/posts\/368009\/revisions"}],"wp:featuredmedia":[{"embeddable":true,"href":"https:\/\/www.europesays.com\/at\/wp-json\/wp\/v2\/media\/368010"}],"wp:attachment":[{"href":"https:\/\/www.europesays.com\/at\/wp-json\/wp\/v2\/media?parent=368009"}],"wp:term":[{"taxonomy":"category","embeddable":true,"href":"https:\/\/www.europesays.com\/at\/wp-json\/wp\/v2\/categories?post=368009"},{"taxonomy":"post_tag","embeddable":true,"href":"https:\/\/www.europesays.com\/at\/wp-json\/wp\/v2\/tags?post=368009"}],"curies":[{"name":"wp","href":"https:\/\/api.w.org\/{rel}","templated":true}]}}