{"id":368071,"date":"2026-09-01T07:36:14","date_gmt":"2026-09-01T07:36:14","guid":{"rendered":"https:\/\/www.europesays.com\/at\/368071\/"},"modified":"2026-09-01T07:36:14","modified_gmt":"2026-09-01T07:36:14","slug":"usa-saenger-lionel-richie-musste-laut-bericht-in-die-notaufnahme","status":"publish","type":"post","link":"https:\/\/www.europesays.com\/at\/368071\/","title":{"rendered":"USA: S\u00e4nger Lionel Richie musste laut Bericht in die Notaufnahme"},"content":{"rendered":"<p>US-Souls\u00e4nger <\/p>\n<p>Bericht: Lionel Richie musste in die Notaufnahme<\/p>\n<p>Aktualisiert am 01.09.2026 &#8211; 08:53 UhrLesedauer: 2 Min.<\/p>\n<p><a href=\"#focus-0\" class=\"transition-colors block text-current relative\" data-sctrack=\"FocusGalleryImage.Reference\"><img fetchpriority=\"high\" data-testid=\"Opener.Image\"   loading=\"eager\" src=\"https:\/\/www.europesays.com\/at\/wp-content\/uploads\/2026\/09\/lionel-ritchie-bei-einer-gala-im-jahr-2023-in-los-angeles.jpg\" alt=\"Lionel Ritchie bei einer Gala im Jahr 2023 in Los Angeles.\" title=\"Lionel Ritchie bei einer Gala im Jahr 2023 in Los Angeles.\" width=\"1547\" height=\"870\" class=\"bg-[url:var(--lqipURL)] bg-cover bg-center flex h-full w-full max-w-full\" style=\"--lqipURL:url('https:\/\/images.t-online.de\/2026\/08\/GT1JoUd12ejE\/426x116:1547x870\/fit-in\/150x0\/filters:blur(25)\/lionel-ritchie-bei-einer-gala-im-jahr-2023-in-los-angeles.jpg')\" decoding=\"async\"\/><img loading=\"lazy\" src=\"https:\/\/www.t-online.de\/s\/paper\/_next\/static\/media\/zoom-in.f7dae02f.svg\" alt=\"Vergr\u00f6\u00dfern des Bildes\" title=\"Vergr\u00f6\u00dfern des Bildes\" class=\"block h-[calc(var(--height)_\/_16_*_1rem)] w-[calc(var(--width)_\/_16_*_1rem)] max-w-none absolute right-8 bottom-8 rounded-4 bg-snow p-8\" style=\"--width:32;--height:32\" decoding=\"async\"\/><\/a><\/p>\n<p>Lionel Richie bei einer Gala im Jahr 2023 in Los Angeles. (Quelle: IMAGO\/Kathy Hutchins)<\/p>\n<p><img loading=\"lazy\" src=\"https:\/\/www.t-online.de\/s\/paper\/_next\/static\/media\/audio-volume.6689034c.svg\" alt=\"\" title=\"\" class=\"block h-[calc(var(--height)_\/_16_*_1rem)] w-[calc(var(--width)_\/_16_*_1rem)] max-w-none group-hover:brightness-0 group-hover:invert\" style=\"--width:16;--height:16\" decoding=\"async\"\/>Vorlesen<\/p>\n<p>Aktuelle Zeit:0:00Gesamtdauer:0:00<\/p>\n<p>1x<img loading=\"lazy\" src=\"https:\/\/www.t-online.de\/s\/paper\/_next\/static\/media\/font-sizes.32942e33.svg\" alt=\"\" title=\"\" class=\"block h-[calc(var(--height)_\/_16_*_1rem)] w-[calc(var(--width)_\/_16_*_1rem)] max-w-none group-hover:hidden group-aria-expanded:hidden\" style=\"--width:16;--height:16\" decoding=\"async\"\/><img loading=\"lazy\" src=\"https:\/\/www.t-online.de\/s\/paper\/_next\/static\/media\/font-sizes-dark-mode.e382645c.svg\" alt=\"\" title=\"\" class=\"block h-[calc(var(--height)_\/_16_*_1rem)] w-[calc(var(--width)_\/_16_*_1rem)] max-w-none hidden group-hover:block group-aria-expanded:block\" style=\"--width:16;--height:16\" decoding=\"async\"\/><img loading=\"lazy\" src=\"https:\/\/www.t-online.de\/s\/paper\/_next\/static\/media\/sharing-menu-icon.1eb71368.svg\" alt=\"\" title=\"\" class=\"block h-[calc(var(--height)_\/_16_*_1rem)] w-[calc(var(--width)_\/_16_*_1rem)] max-w-none group-hover:brightness-0 group-hover:invert\" style=\"--width:16;--height:16\" decoding=\"async\"\/>Artikel teilen<\/p>\n<p class=\"font-bold text-18 leading-17 user-text-lg:text-22 user-text-xl:text-24\">Der Souls\u00e4nger und Produzent Lionel Richie soll gesundheitliche Probleme haben. Laut einem Bericht begab sich der 77-J\u00e4hrige selbst ins Krankenhaus.<\/p>\n<p class=\"text-18 leading-17 user-text-lg:text-22 user-text-xl:text-24\">US-S\u00e4nger Lionel Richie soll nach einem Konzert in der Metropole St. Louis, Missouri, medizinische Hilfe ben\u00f6tigt haben. Das meldet das Boulevardportal &#8222;TMZ&#8220; unter Berufung auf Quellen aus dem Umfeld des S\u00e4ngers. Demnach habe der K\u00fcnstler am Wochenende ein viel beachtetes Konzert im St. Louis Municipal Opera Theatre, einem Amphitheater, gegeben und sei anschlie\u00dfend in die Notaufnahme gefahren.<\/p>\n<p class=\"text-18 leading-17 user-text-lg:text-22 user-text-xl:text-24\">Der 77-J\u00e4hrige soll dort vorstellig geworden sein, weil er sich offenbar nicht wohlf\u00fchlte. Die \u00c4rzte sollen den US-Star wegen des Verdachts auf Dehydrierung \u2013 also Fl\u00fcssigkeitsmangel \u2013 behandelt und ihn vorsorglich im Hospital behalten haben. Richie hoffe, so berichtet &#8222;TMZ&#8220;, bis Dienstag wieder entlassen werden zu k\u00f6nnen.<\/p>\n<p>Lionel Richie: Einer der erfolgreichsten seiner Branche<\/p>\n<p class=\"text-18 leading-17 user-text-lg:text-22 user-text-xl:text-24\">Besucher des Konzerts im &#8222;The Muny&#8220; in St. Louis berichteten davon, dass sich Richie gegen Ende der Show nicht gut gef\u00fchlt habe \u2013 demnach musste er sich vom Personal einen Stuhl bringen lassen. Seinen letzten Song &#8222;All Night Long&#8220; konnte er nur noch sitzend darbieten. Schon im Juni soll es zu einem \u00e4hnlichen Zwischenfall gekommen sein, wie &#8222;TMZ&#8220; berichtet. Damals habe Richie nach einem Konzert in St. Paul, Minnesota, von Sanit\u00e4tern behandelt werden m\u00fcssen und sei anschlie\u00dfend ins Krankenhaus gefahren worden.<\/p>\n<p class=\"text-18 leading-17 user-text-lg:text-22 user-text-xl:text-24\">Der Souls\u00e4nger und Produzent, der vorwiegend f\u00fcr seine gef\u00fchlvollen Balladen bekannt ist, gilt als einer der erfolgreichsten K\u00fcnstler der Popmusik. Richie gewann bereits vier Emmys und einen Oscar, seine Platten verkauften sich weltweit mehr als 100 Millionen Mal. Auch gelang es ihm, 22 seiner Hits in den Top Ten der US-Musikcharts zu platzieren. Seine erfolgreichste Zeit hatte er in den 1980er-Jahren.<\/p>\n","protected":false},"excerpt":{"rendered":"US-Souls\u00e4nger Bericht: Lionel Richie musste in die Notaufnahme Aktualisiert am 01.09.2026 &#8211; 08:53 UhrLesedauer: 2 Min. Lionel Richie&hellip;\n","protected":false},"author":2,"featured_media":368072,"comment_status":"","ping_status":"","sticky":false,"template":"","format":"standard","meta":{"footnotes":"","_share_on_mastodon":"0"},"categories":[27],"tags":[2040,46,42,175,147,26861,3552,10959,45441,44,176,41750,148],"class_list":["post-368071","post","type-post","status-publish","format-standard","has-post-thumbnail","category-prominente","tag-2040","tag-at","tag-austria","tag-celebrities","tag-entertainment","tag-lionel-richie","tag-los-angeles","tag-missouri","tag-notaufnahme","tag-oesterreich","tag-prominente","tag-st-louis","tag-unterhaltung"],"share_on_mastodon":{"url":"https:\/\/pubeurope.com\/@at\/117194640407819331","error":""},"_links":{"self":[{"href":"https:\/\/www.europesays.com\/at\/wp-json\/wp\/v2\/posts\/368071","targetHints":{"allow":["GET"]}}],"collection":[{"href":"https:\/\/www.europesays.com\/at\/wp-json\/wp\/v2\/posts"}],"about":[{"href":"https:\/\/www.europesays.com\/at\/wp-json\/wp\/v2\/types\/post"}],"author":[{"embeddable":true,"href":"https:\/\/www.europesays.com\/at\/wp-json\/wp\/v2\/users\/2"}],"replies":[{"embeddable":true,"href":"https:\/\/www.europesays.com\/at\/wp-json\/wp\/v2\/comments?post=368071"}],"version-history":[{"count":0,"href":"https:\/\/www.europesays.com\/at\/wp-json\/wp\/v2\/posts\/368071\/revisions"}],"wp:featuredmedia":[{"embeddable":true,"href":"https:\/\/www.europesays.com\/at\/wp-json\/wp\/v2\/media\/368072"}],"wp:attachment":[{"href":"https:\/\/www.europesays.com\/at\/wp-json\/wp\/v2\/media?parent=368071"}],"wp:term":[{"taxonomy":"category","embeddable":true,"href":"https:\/\/www.europesays.com\/at\/wp-json\/wp\/v2\/categories?post=368071"},{"taxonomy":"post_tag","embeddable":true,"href":"https:\/\/www.europesays.com\/at\/wp-json\/wp\/v2\/tags?post=368071"}],"curies":[{"name":"wp","href":"https:\/\/api.w.org\/{rel}","templated":true}]}}