{"id":368133,"date":"2026-09-01T08:13:08","date_gmt":"2026-09-01T08:13:08","guid":{"rendered":"https:\/\/www.europesays.com\/at\/368133\/"},"modified":"2026-09-01T08:13:08","modified_gmt":"2026-09-01T08:13:08","slug":"vienna-humanities-festival-2026-agency-tu-was-ein-fest-des-denkens-in-und-fuer-wien","status":"publish","type":"post","link":"https:\/\/www.europesays.com\/at\/368133\/","title":{"rendered":"Vienna Humanities Festival 2026: \u201eAgency\/Tu Was\u201d \u2014 Ein Fest des Denkens in und f\u00fcr Wien"},"content":{"rendered":"<p>Mit 25 Einzelveranstaltungen erwartet Besucher:innen ein <a target=\"_blank\" rel=\"noopener noreferrer nofollow\" href=\"https:\/\/www.humanitiesfestival.at\/\">dichtes wie breit gef\u00e4chertes Programm<\/a>. Sie alle reflektieren nicht nur gegenw\u00e4rtige gesellschaftliche Herausforderungen, sondern stellen vor allem die dringliche Frage nach den Bedingungen und M\u00f6glichkeiten zur Wiedererlangung der Handlungsf\u00e4higkeit des Menschen \u2013 individuell wie kollektiv \u2013, in den Mittelpunkt. <\/p>\n<p>Zum Auftakt der Festivalwoche am 23. September wird die amerikanische Journalistin <a target=\"_blank\" rel=\"noopener noreferrer nofollow\" href=\"https:\/\/www.humanitiesfestival.at\/swisher\">Kara Swisher<\/a> im Gespr\u00e4ch mit dem ehemaligen IWM-Rektor Misha Glenny im Kuppelsaal der TU Wien die Motive der Tech-Milliard\u00e4re sowie die Implikationen des von ihnen vorangetriebenen rasanten technologischen Wandels beleuchten und exklusive Einblicke in die ansonsten wenig greifbare Welt der \u201eTech-Bros\u201c geben. <\/p>\n<p>Am 24. September folgt eine Veranstaltung mit dem vielfach ausgezeichneten Essayisten und Autor <a target=\"_blank\" rel=\"noopener noreferrer nofollow\" href=\"https:\/\/www.humanitiesfestival.at\/mishra\">Pankaj Mishra<\/a>. Ausgehend von seinem j\u00fcngsten Buch Die Welt nach Gaza (S. Fischer Verlag, 2025) wird Mishra gemeinsam mit dem renommierten Schriftsteller Daniel Kehlmann die komplexen Narrative, blinden Flecken und moralischen Dilemmata rund um den anhaltenden Konflikt in Gaza ergr\u00fcnden und damit ein Thema zur Debatte stellen, das die Welt heute spaltet wie kein anderes. <\/p>\n<p><a target=\"_blank\" rel=\"noopener noreferrer nofollow\" href=\"https:\/\/www.humanitiesfestival.at\/sloterdijk\">Peter Sloterdijk<\/a>, einer der bedeutendsten deutschen Philosophen der Gegenwart, wird tags darauf seine These \u00fcber das Wiedererstarken einer Art von \u201ef\u00fcrstlicher Autorit\u00e4t\u201c darlegen, die er in seinem k\u00fcrzlich erschienenen Buch Der F\u00fcrst und seine Erben (Suhrkamp, 2026) entwickelt hat. Im Anschluss folgt ein Gespr\u00e4ch mit dem Direktor des Wien Museums, Matti Bunzl.<\/p>\n<p>Das Festivalwochenende des 26. und 27. September, abgehalten in der Akademie der bildenden K\u00fcnste Wien, bringt 20 Podiumsdiskussionen auf die B\u00fchne und l\u00e4dt Besucher:innen zum Zuh\u00f6ren, Verweilen und Mitdiskutieren ein. Zu den Vortragenden geh\u00f6ren unter anderem <a target=\"_blank\" rel=\"noopener noreferrer nofollow\" href=\"https:\/\/www.humanitiesfestival.at\/garcia\">Manon Garcia<\/a>, <a target=\"_blank\" rel=\"noopener noreferrer nofollow\" href=\"https:\/\/www.humanitiesfestival.at\/slobodian\">Quinn Slobodian<\/a>, <a target=\"_blank\" rel=\"noopener noreferrer nofollow\" href=\"https:\/\/www.humanitiesfestival.at\/m\u00fcller\">Jan-Werner M\u00fcller<\/a>, <a target=\"_blank\" rel=\"noopener noreferrer nofollow\" href=\"https:\/\/www.humanitiesfestival.at\/pancevski\">Bojan Pan\u010devski<\/a>, <a target=\"_blank\" rel=\"noopener noreferrer nofollow\" href=\"https:\/\/www.humanitiesfestival.at\/schl\u00f6gel\">Karl Schl\u00f6gel<\/a> und <a target=\"_blank\" rel=\"noopener noreferrer nofollow\" href=\"https:\/\/www.humanitiesfestival.at\/nowotny\">Helga Nowotny<\/a>.<\/p>\n<p>Der Abend des 26. September bildet fraglos einen der H\u00f6hepunkte des Festivals. Mit unvergleichlichem erz\u00e4hlerischem Gesp\u00fcr erkunden die preisgekr\u00f6nten Romane von <a target=\"_blank\" rel=\"noopener noreferrer nofollow\" href=\"https:\/\/www.humanitiesfestival.at\/mcewan\">Ian McEwan<\/a> die fragilen Schnittstellen von Moral, Erinnerung und Vorstellungskraft. Im Rahmen einer Wiener Vorlesung wird der vielfach ausgezeichnete Autor mit Misha Glenny \u00fcber sein Schaffen sowie das Potenzial der Menschheit sprechen, sich der Zukunft trotz zahlreicher beispielloser Herausforderungen gestaltend anzunehmen.<\/p>\n<p>Zum Abschluss des Festivals wird am 27. September die renommierte Sozialphilosophin <a target=\"_blank\" rel=\"noopener noreferrer nofollow\" href=\"https:\/\/www.humanitiesfestival.at\/illouz\">Eva Illouz<\/a> im Wiener Volkstheater auf einige der gro\u00dfen Meisterwerke der westlichen Literatur zur\u00fcckgreifen, um den gegenw\u00e4rtigen Zusammenbruch moralischer Kategorien zu illustrieren. Es folgt ein Gespr\u00e4ch mit IWM Albert Hirschman Permanent Fellow Ivan Krastev.<\/p>\n<p>Das Vienna Humanities Festival 2026 wird vom <a target=\"_blank\" rel=\"noopener noreferrer nofollow\" href=\"https:\/\/www.iwm.at\">Institut f\u00fcr die Wissenschaften vom Menschen (IWM)<\/a> und von <a target=\"_blank\" rel=\"noopener noreferrer nofollow\" href=\"https:\/\/www.tttdebates.org\/\">Time To Talk (TTT)<\/a> organisiert und in Kooperation und mit der Unterst\u00fctzung zahlreicher Institutionen abgehalten. Es markiert zugleich den H\u00f6hepunkt des erstmals vom IWM organisierten <a target=\"_blank\" rel=\"noopener noreferrer nofollow\" href=\"https:\/\/www.iwm.at\/news\/time-for-ideas-vienna\">Month of Ideas<\/a>, der kritische Debatten und neue Perspektiven auf aktuelle Problemlagen in den Mittelpunkt r\u00fcckt.<\/p>\n<p>Interessierte Medienvertreter:innen werden gebeten, ihre Anfragen an <a href=\"http:\/\/www.ots.at\/cdn-cgi\/l\/email-protection#86eff1ebabf6f4c6eff1eba8e7f2\" rel=\"nofollow noopener\" target=\"_blank\">[email\u00a0protected]<\/a> zu richten.<\/p>\n<p>Vienna Humanities Festival 2026: Agency \/ Tu Was<br \/>\nDas Vienna Humanities Festival wurde 2016 ins Leben gerufen und ist seither zu einem der j\u00e4hrlichen H\u00f6hepunkte des Wiener Kulturlebens avanciert. Jeweils in der letzten Septemberwoche versammelt das Festival einige der interessantesten Denker:innen der Gegenwart im Herzen der Stadt. In 25 Einzelveranstaltungen ist eine breite \u00d6ffentlichkeit dazu eingeladen, an diesem Fest des Denkens teilzuhaben.<\/p>\n<p>Datum: 23.09.2026, 18:30 Uhr &#8211; 27.09.2026, 21:00 Uhr<\/p>\n<p>Art: Vortr\u00e4ge und Diskussionen<\/p>\n<p>Ort: Akademie der bildenden K\u00fcnste, TU Wien, Wien Museum, Volkstheater, Das MuTh, Bruno Kreisky Forum\n<\/p>\n<p>URL: <a href=\"https:\/\/www.humanitiesfestival.at\" target=\"_blank\" rel=\"noopener noreferrer nofollow\">https:\/\/www.humanitiesfestival.at<\/a><\/p>\n","protected":false},"excerpt":{"rendered":"Mit 25 Einzelveranstaltungen erwartet Besucher:innen ein dichtes wie breit gef\u00e4chertes Programm. Sie alle reflektieren nicht nur gegenw\u00e4rtige gesellschaftliche&hellip;\n","protected":false},"author":2,"featured_media":368134,"comment_status":"","ping_status":"","sticky":false,"template":"","format":"standard","meta":{"footnotes":"","_share_on_mastodon":"0"},"categories":[28],"tags":[26393,26395,46,42,6352,4831,3097,610,270,2764,1132,2139,44,26394,2034,181,182,100],"class_list":["post-368133","post","type-post","status-publish","format-standard","has-post-thumbnail","category-wien","tag-apa","tag-apa-ots","tag-at","tag-austria","tag-bild","tag-debatte","tag-festival","tag-forschung","tag-gesellschaft","tag-int-beziehungen","tag-kultur","tag-literatur","tag-oesterreich","tag-ots","tag-termin","tag-vienna","tag-wien","tag-wissenschaft"],"share_on_mastodon":{"url":"https:\/\/pubeurope.com\/@at\/117194785019334661","error":""},"_links":{"self":[{"href":"https:\/\/www.europesays.com\/at\/wp-json\/wp\/v2\/posts\/368133","targetHints":{"allow":["GET"]}}],"collection":[{"href":"https:\/\/www.europesays.com\/at\/wp-json\/wp\/v2\/posts"}],"about":[{"href":"https:\/\/www.europesays.com\/at\/wp-json\/wp\/v2\/types\/post"}],"author":[{"embeddable":true,"href":"https:\/\/www.europesays.com\/at\/wp-json\/wp\/v2\/users\/2"}],"replies":[{"embeddable":true,"href":"https:\/\/www.europesays.com\/at\/wp-json\/wp\/v2\/comments?post=368133"}],"version-history":[{"count":0,"href":"https:\/\/www.europesays.com\/at\/wp-json\/wp\/v2\/posts\/368133\/revisions"}],"wp:featuredmedia":[{"embeddable":true,"href":"https:\/\/www.europesays.com\/at\/wp-json\/wp\/v2\/media\/368134"}],"wp:attachment":[{"href":"https:\/\/www.europesays.com\/at\/wp-json\/wp\/v2\/media?parent=368133"}],"wp:term":[{"taxonomy":"category","embeddable":true,"href":"https:\/\/www.europesays.com\/at\/wp-json\/wp\/v2\/categories?post=368133"},{"taxonomy":"post_tag","embeddable":true,"href":"https:\/\/www.europesays.com\/at\/wp-json\/wp\/v2\/tags?post=368133"}],"curies":[{"name":"wp","href":"https:\/\/api.w.org\/{rel}","templated":true}]}}