{"id":368205,"date":"2026-09-01T08:57:28","date_gmt":"2026-09-01T08:57:28","guid":{"rendered":"https:\/\/www.europesays.com\/at\/368205\/"},"modified":"2026-09-01T08:57:28","modified_gmt":"2026-09-01T08:57:28","slug":"auszeit-in-oesterreich-melanie-griffith-macht-detox-kur-am-woerthersee-kronen-zeitung","status":"publish","type":"post","link":"https:\/\/www.europesays.com\/at\/368205\/","title":{"rendered":"Auszeit in \u00d6sterreich &#8211; Melanie Griffith macht Detox-Kur am W\u00f6rthersee &#8211; Kronen Zeitung"},"content":{"rendered":"<p><a href=\"https:\/\/news.google.com\/rss\/articles\/CBMiQkFVX3lxTE9WdXlyUFZnUkswbk8xMzFKZm0wOFdRMDY4b1gzd05fYnRnT1FZM05lN3ludmdac1dqNWFfWndER0tKdw?oc=5\" target=\"_blank\" rel=\"nofollow noopener\">Auszeit in \u00d6sterreich &#8211; Melanie Griffith macht Detox-Kur am W\u00f6rthersee<\/a>&nbsp;&nbsp;Kronen Zeitung<a href=\"https:\/\/news.google.com\/rss\/articles\/CBMi7gFBVV95cUxNTmRxMWJyZlVDTnllQWRWblF2LWNGOC1UQXFZRHBkWDdyUWpudm9FbmdiREFyWmotT0lxaTNfb2JTQmxiQUpscU1KM0NEV0pLNlpHenBQYTlCcFctRGxiTUM5dndhc29UWXVlMkNtNnhBYTZuQW9jQjRxNnBITlZTYjVTcFR1alpQaE1Eek43RC1kdVl5b2Y1RmpRN1ZRUmdONkZ6b3phVWNjQ1NJZC1iLUpFT2o2TThiS19SNnV6d29lT05Lc0dSQlVGN2dCRGVWcVZDY1hfam82TEJweExETEVKNk9kblBKWW5mTExn?oc=5\" target=\"_blank\" rel=\"nofollow noopener\">Hollywoodstar Melanie Griffith entgiftet am W\u00f6rthersee! Aber: Raucherpause muss sein<\/a>&nbsp;&nbsp;BILD<a href=\"https:\/\/news.google.com\/rss\/articles\/CBMipAFBVV95cUxQRnpUN3FTZHhFMGtnYk9TTzEwZG00MnRzYUFwRTlEMDFudXNnRElmSDMwdzNNSk5MSzItNU9kOWR5bC15c0dLX0JkRS1pNjdkbFc0THMtWFB5cmJaMGoyOFBCcDNDdVhvZ012YUktYVhXQ0dxc3FmazRPbElSajg2XzAwOF9KcE5MclM1bkhXQm9aQk5uQU9qNHcxRHc2WWNhLXRiLQ?oc=5\" target=\"_blank\" rel=\"nofollow noopener\">Hollywood-Star ist nach 36 Jahren zur\u00fcck am W\u00f6rthersee<\/a>&nbsp;&nbsp;Kleine Zeitung<a href=\"https:\/\/news.google.com\/rss\/articles\/CBMitwFBVV95cUxPNTZOWTJuMzVtVUQ3YTRzeWczN0NZM3lLVUVIYk00OGptTHVxZk1oeTlzdWNMZWZIQlZ5TnRqNmdCZkgydkhvc051bld2SFZiWHRPSmJhdDJRWmJSbGpyZHp3WVFYT0xBS1pZMjh1SmI3aGF0eVc1bVRkTzQ0enRHTXdMNjlZenZCVWZQX2hDUElhQ3k0Q2xFN2hVR09sVVM1eVBRc0RWbXAwWEZrMThsVmFScVhodTQ?oc=5\" target=\"_blank\" rel=\"nofollow noopener\">Hollywoodstar am W\u00f6rthersee gesichtet: Das macht sie derzeit in K\u00e4rnten<\/a>&nbsp;&nbsp;5 Minuten<a href=\"https:\/\/news.google.com\/rss\/articles\/CBMimgFBVV95cUxQcF9NM0hRVXc0STFwM3BqdjBtWEVrRWhQVFNIbEluaHBBYlRTRXJjMFJMNmJHZXVzbHhfR1UyM01wQ3A2VEtSMGFNdG5fTUVGVlNxOEx6aGZsSWNiVWJuQUhsbUVSek5qZU1WOWU1RnJNa0o2WU9GLWNKdVAwbEQ4cnZhNU5uamxLUkVQUG40WUxXRmNObWh2RDNn0gGfAUFVX3lxTE9fZndqUGR6ZWFzRldoVzlZd3YtZmEzRUdlT3RucnFxV2lJUXFuYnppUlY1TGR5SkVzOGpZQTZ1Y3Q4ZnNCTGVqdi1mZU5BQzdWMnlWZUxXTmwyQWV4cl9jT1VLWTlZREJKM3E1ZTVwU1ZNRHlQcWZUTUxMcmU1UGRHWWdZWGx0Sk1Oc21FYWNtYkkxRmF5aE52TGhiRXY1MA?oc=5\" target=\"_blank\" rel=\"nofollow noopener\">Hollywood-Star Melanie Griffith auf Detox-Kur in \u00d6sterreich<\/a>&nbsp;&nbsp;oe24<\/p>\n","protected":false},"excerpt":{"rendered":"Auszeit in \u00d6sterreich &#8211; Melanie Griffith macht Detox-Kur am W\u00f6rthersee&nbsp;&nbsp;Kronen ZeitungHollywoodstar Melanie Griffith entgiftet am W\u00f6rthersee! Aber: Raucherpause&hellip;\n","protected":false},"author":2,"featured_media":368206,"comment_status":"","ping_status":"","sticky":false,"template":"","format":"standard","meta":{"footnotes":"","_share_on_mastodon":"0"},"categories":[22],"tags":[14279,27733,92486,46,42,2697,2660,16677,42126,147,92487,92488,2197,27737,44,92489,148,5377],"class_list":["post-368205","post","type-post","status-publish","format-standard","has-post-thumbnail","category-unterhaltung","tag-antonio","tag-antonio-banderas","tag-antonio-banderas-kaulitz","tag-at","tag-austria","tag-bill","tag-bill-kaulitz","tag-dakota-johnson","tag-don-johnson","tag-entertainment","tag-griffith","tag-inge","tag-kaernten","tag-melanie-griffith","tag-oesterreich","tag-tipi-hedren","tag-unterhaltung","tag-woerthersee"],"share_on_mastodon":{"url":"https:\/\/pubeurope.com\/@at\/117194958034815757","error":""},"_links":{"self":[{"href":"https:\/\/www.europesays.com\/at\/wp-json\/wp\/v2\/posts\/368205","targetHints":{"allow":["GET"]}}],"collection":[{"href":"https:\/\/www.europesays.com\/at\/wp-json\/wp\/v2\/posts"}],"about":[{"href":"https:\/\/www.europesays.com\/at\/wp-json\/wp\/v2\/types\/post"}],"author":[{"embeddable":true,"href":"https:\/\/www.europesays.com\/at\/wp-json\/wp\/v2\/users\/2"}],"replies":[{"embeddable":true,"href":"https:\/\/www.europesays.com\/at\/wp-json\/wp\/v2\/comments?post=368205"}],"version-history":[{"count":0,"href":"https:\/\/www.europesays.com\/at\/wp-json\/wp\/v2\/posts\/368205\/revisions"}],"wp:featuredmedia":[{"embeddable":true,"href":"https:\/\/www.europesays.com\/at\/wp-json\/wp\/v2\/media\/368206"}],"wp:attachment":[{"href":"https:\/\/www.europesays.com\/at\/wp-json\/wp\/v2\/media?parent=368205"}],"wp:term":[{"taxonomy":"category","embeddable":true,"href":"https:\/\/www.europesays.com\/at\/wp-json\/wp\/v2\/categories?post=368205"},{"taxonomy":"post_tag","embeddable":true,"href":"https:\/\/www.europesays.com\/at\/wp-json\/wp\/v2\/tags?post=368205"}],"curies":[{"name":"wp","href":"https:\/\/api.w.org\/{rel}","templated":true}]}}