{"id":368225,"date":"2026-09-01T09:07:10","date_gmt":"2026-09-01T09:07:10","guid":{"rendered":"https:\/\/www.europesays.com\/at\/368225\/"},"modified":"2026-09-01T09:07:10","modified_gmt":"2026-09-01T09:07:10","slug":"salzburg-scheitert-mit-offerte-fuer-ex-city-talent","status":"publish","type":"post","link":"https:\/\/www.europesays.com\/at\/368225\/","title":{"rendered":"Salzburg scheitert mit Offerte f\u00fcr Ex-City-Talent"},"content":{"rendered":"<p>Nach dem <a target=\"_self\" rel=\"noopener noreferrer nofollow\" href=\"https:\/\/www.laola1.at\/de\/red\/fussball\/bundesliga\/news\/salzburg-deal-geplatzt--offensivspieler-faellt-durch-medizincheck\/\">geplatzten Transfer von Junior Kadile <\/a>ist der <a href=\"https:\/\/www.laola1.at\/de\/daten\/news\/fussball\/fc-red-bull-salzburg\/\" class=\"tag\" rel=\"nofollow noopener\" target=\"_blank\">FC Red Bull Salzburg<\/a> weiter auf der Suche nach einem Fl\u00fcgelspieler.<\/p>\n<p>Dabei sollen die &#8222;Bullen&#8220; ihre F\u00fchler auch nach England ausgestreckt haben. Wie &#8222;The Daily Telegraph&#8220; berichtet, hat der <a href=\"https:\/\/www.laola1.at\/de\/daten\/news\/fussball\/fc-red-bull-salzburg\/\" class=\"tag\" rel=\"nofollow noopener\" target=\"_blank\">FC Red Bull Salzburg<\/a> ein Angebot in H\u00f6he von vier Millionen Pfund plus einer m\u00f6glichen Weiterverkaufsbeteiligung f\u00fcr Samuel Edozie vom <a href=\"https:\/\/www.laola1.at\/de\/daten\/news\/fussball\/fc-southampton\/\" class=\"tag\" rel=\"nofollow noopener\" target=\"_blank\">FC Southampton<\/a> abgegeben.<\/p>\n<p>Auch der US Lecce soll eine Summe in dieser Gr\u00f6\u00dfenordnung f\u00fcr den 23-j\u00e4hrigen Linksau\u00dfen geboten haben. Doch der Championship-Klub lehnte beide Offerten ab.<\/p>\n<p>Vertrag l\u00e4uft 2027 aus<\/p>\n<p>Der zehnfache U20-Teamspieler Englands war 2022 aus der Jugend von <a href=\"https:\/\/www.laola1.at\/de\/daten\/news\/fussball\/manchester-city\/\" class=\"tag\" rel=\"nofollow noopener\" target=\"_blank\">Manchester City<\/a> zum <a href=\"https:\/\/www.laola1.at\/de\/daten\/news\/fussball\/fc-southampton\/\" class=\"tag\" rel=\"nofollow noopener\" target=\"_blank\">FC Southampton<\/a> gewechselt.<\/p>\n<p>Insgesamt absolvierte er 84 Pflichtspiele in der h\u00f6chsten und zweith\u00f6chsten Spielklasse Englands f\u00fcr die &#8222;Saints&#8220;, in denen er sechs Tore und sieben Vorlagen beisteuerte.<\/p>\n<p>In der abgelaufenen Saison kam er \u00fcberwiegend als Joker zum Einsatz. Sein Vertrag beim <a href=\"https:\/\/www.laola1.at\/de\/daten\/news\/fussball\/fc-southampton\/\" class=\"tag\" rel=\"nofollow noopener\" target=\"_blank\">FC Southampton<\/a> l\u00e4uft nur noch bis 2027, weshalb sich dem Klub in diesem Sommer eine der letzten Chancen auf eine ad\u00e4quate Abl\u00f6sesumme bietet.<\/p>\n<p><a target=\"_self\" rel=\"noopener noreferrer nofollow\" href=\"https:\/\/www.laola1.at\/de\/red\/fussball\/bundesliga\/news\/europa-league-sieger--ist-salzburg-an-ex-glasner-schuetzling-dran-\/\">Ein Europa-League-Sieger soll die gew\u00fcnschte Offensiv-Verst\u00e4rkung f\u00fcr Salzburg darstellen &gt;&gt;&gt;<\/a><\/p>\n","protected":false},"excerpt":{"rendered":"Nach dem geplatzten Transfer von Junior Kadile ist der FC Red Bull Salzburg weiter auf der Suche nach&hellip;\n","protected":false},"author":2,"featured_media":368226,"comment_status":"","ping_status":"","sticky":false,"template":"","format":"standard","meta":{"footnotes":"","_share_on_mastodon":"0"},"categories":[31],"tags":[1069,46,42,37839,37567,1061,32477,964,1878,14781,16298,44,192,1877,73599],"class_list":["post-368225","post","type-post","status-publish","format-standard","has-post-thumbnail","category-salzburg","tag-admiral-bundesliga","tag-at","tag-austria","tag-championship","tag-england-fussball","tag-fc-red-bull-salzburg","tag-fc-southampton","tag-fussball","tag-geruechtekueche","tag-manchester-city","tag-marcus-mann","tag-oesterreich","tag-salzburg","tag-transfermarkt","tag-us-lecce"],"share_on_mastodon":{"url":"https:\/\/pubeurope.com\/@at\/117194997282192143","error":""},"_links":{"self":[{"href":"https:\/\/www.europesays.com\/at\/wp-json\/wp\/v2\/posts\/368225","targetHints":{"allow":["GET"]}}],"collection":[{"href":"https:\/\/www.europesays.com\/at\/wp-json\/wp\/v2\/posts"}],"about":[{"href":"https:\/\/www.europesays.com\/at\/wp-json\/wp\/v2\/types\/post"}],"author":[{"embeddable":true,"href":"https:\/\/www.europesays.com\/at\/wp-json\/wp\/v2\/users\/2"}],"replies":[{"embeddable":true,"href":"https:\/\/www.europesays.com\/at\/wp-json\/wp\/v2\/comments?post=368225"}],"version-history":[{"count":0,"href":"https:\/\/www.europesays.com\/at\/wp-json\/wp\/v2\/posts\/368225\/revisions"}],"wp:featuredmedia":[{"embeddable":true,"href":"https:\/\/www.europesays.com\/at\/wp-json\/wp\/v2\/media\/368226"}],"wp:attachment":[{"href":"https:\/\/www.europesays.com\/at\/wp-json\/wp\/v2\/media?parent=368225"}],"wp:term":[{"taxonomy":"category","embeddable":true,"href":"https:\/\/www.europesays.com\/at\/wp-json\/wp\/v2\/categories?post=368225"},{"taxonomy":"post_tag","embeddable":true,"href":"https:\/\/www.europesays.com\/at\/wp-json\/wp\/v2\/tags?post=368225"}],"curies":[{"name":"wp","href":"https:\/\/api.w.org\/{rel}","templated":true}]}}