{"id":368285,"date":"2026-09-01T09:47:13","date_gmt":"2026-09-01T09:47:13","guid":{"rendered":"https:\/\/www.europesays.com\/at\/368285\/"},"modified":"2026-09-01T09:47:13","modified_gmt":"2026-09-01T09:47:13","slug":"xpeng-baut-seine-praesenz-in-graz-weiter-aus","status":"publish","type":"post","link":"https:\/\/www.europesays.com\/at\/368285\/","title":{"rendered":"XPENG baut seine Pr\u00e4senz in Graz weiter aus"},"content":{"rendered":"<p>Neben den Fahrzeugen war auch der humanoide Roboter IRON Teil der Er\u00f6ffnung. Er war w\u00e4hrend der Er\u00f6ffnungswoche statisch im Schauraum zu sehen. Vogl+Co geh\u00f6rte damit zu den ersten Autoh\u00e4usern in Europa, die den Roboter pr\u00e4sentieren konnten.<\/p>\n<p>Katharina Fischer, Vertriebsleitung Neuwagen bei Vogl+Co, gab bei der Veranstaltung zudem Einblicke in die Entscheidung f\u00fcr die Aufnahme der Marke XPENG. In diesen Prozess waren Mitarbeitende aus unterschiedlichen Unternehmensbereichen eingebunden, die ihre Einsch\u00e4tzungen und Expertise einbrachten.<\/p>\n<p>\u201eUnser Anspruch ist es, moderne Mobilit\u00e4t nicht nur zu erkl\u00e4ren, sondern f\u00fcr unsere Kundinnen und Kunden erlebbar zu machen. Genau daf\u00fcr steht dieser neue Schauraum. XPENG bringt Technologie, Design und Elektromobilit\u00e4t zusammen. Und wir verbinden das mit unserer Erfahrung, pers\u00f6nlicher Beratung und der regionalen Verankerung von Vogl+Co\u201c, sagte Fischer.<\/p>\n<p>Mit dem neuen Schauraum erweitert Vogl+Co die Pr\u00e4senz von XPENG in der Steiermark und entwickelt zugleich den bestehenden Standort in der Grazer Schie\u00dfstattgasse weiter.<\/p>\n","protected":false},"excerpt":{"rendered":"Neben den Fahrzeugen war auch der humanoide Roboter IRON Teil der Er\u00f6ffnung. Er war w\u00e4hrend der Er\u00f6ffnungswoche statisch&hellip;\n","protected":false},"author":2,"featured_media":368286,"comment_status":"","ping_status":"","sticky":false,"template":"","format":"standard","meta":{"footnotes":"","_share_on_mastodon":"0"},"categories":[29],"tags":[46,42,18378,13703,12661,18377,13869,183,18376,44,6621,13263],"class_list":["post-368285","post","type-post","status-publish","format-standard","has-post-thumbnail","category-graz","tag-at","tag-austria","tag-autotest","tag-finanzierung","tag-firmenwagen","tag-flottenmanagement","tag-fuhrpark","tag-graz","tag-leasing","tag-oesterreich","tag-pkw","tag-versicherung"],"share_on_mastodon":{"url":"https:\/\/pubeurope.com\/@at\/117195154872046298","error":""},"_links":{"self":[{"href":"https:\/\/www.europesays.com\/at\/wp-json\/wp\/v2\/posts\/368285","targetHints":{"allow":["GET"]}}],"collection":[{"href":"https:\/\/www.europesays.com\/at\/wp-json\/wp\/v2\/posts"}],"about":[{"href":"https:\/\/www.europesays.com\/at\/wp-json\/wp\/v2\/types\/post"}],"author":[{"embeddable":true,"href":"https:\/\/www.europesays.com\/at\/wp-json\/wp\/v2\/users\/2"}],"replies":[{"embeddable":true,"href":"https:\/\/www.europesays.com\/at\/wp-json\/wp\/v2\/comments?post=368285"}],"version-history":[{"count":0,"href":"https:\/\/www.europesays.com\/at\/wp-json\/wp\/v2\/posts\/368285\/revisions"}],"wp:featuredmedia":[{"embeddable":true,"href":"https:\/\/www.europesays.com\/at\/wp-json\/wp\/v2\/media\/368286"}],"wp:attachment":[{"href":"https:\/\/www.europesays.com\/at\/wp-json\/wp\/v2\/media?parent=368285"}],"wp:term":[{"taxonomy":"category","embeddable":true,"href":"https:\/\/www.europesays.com\/at\/wp-json\/wp\/v2\/categories?post=368285"},{"taxonomy":"post_tag","embeddable":true,"href":"https:\/\/www.europesays.com\/at\/wp-json\/wp\/v2\/tags?post=368285"}],"curies":[{"name":"wp","href":"https:\/\/api.w.org\/{rel}","templated":true}]}}