{"id":368389,"date":"2026-09-01T10:49:13","date_gmt":"2026-09-01T10:49:13","guid":{"rendered":"https:\/\/www.europesays.com\/at\/368389\/"},"modified":"2026-09-01T10:49:13","modified_gmt":"2026-09-01T10:49:13","slug":"metal-festival-bad-woerishofen-begeistert-fans-mit-internationalen-bands","status":"publish","type":"post","link":"https:\/\/www.europesays.com\/at\/368389\/","title":{"rendered":"Metal Festival Bad W\u00f6rishofen begeistert Fans mit internationalen Bands"},"content":{"rendered":"<p class=\"mb-6 text-xs-varying md:text-m lg:text-l font-serif group-[.font-sans]:font-sans \">\n    Der <a href=\"https:\/\/www.augsburger-allgemeine.de\/mindelheim\/forest-metal-fest-vereint-blaskapelle-stockheim-und-die-metalheads-von-power-saint-4-115059743\" target=\"_self\" class=\"underline \" rel=\"nofollow noopener\">Charme eines kleinen Festivals hatte zahlreiche Besucher angelockt<\/a> beim Forest Metal Festival in <a href=\"https:\/\/www.augsburger-allgemeine.de\/mindelheim\/ort\/bad-woerishofen\" target=\"_self\" class=\"underline \" rel=\"nofollow noopener\">Bad W\u00f6rishofen<\/a>. Zum dritten Mal fand das Fest statt, dieses Mal mit vier Tagen Musik und sechs Tagen Camping und noch mehr Bands, die f\u00fcr gro\u00dfartige Stimmung und tolle Atmosph\u00e4re sorgte. Die \u201eAeon Gods\u201c mit Musikern aus dem Norden, von L\u00fcbeck bis Bremen, waren alle aufwendig geschminkt und im Gothic-Stil gekleidet. Ihre Musik nennen sie \u201eSymphonic Power Metal\u201c und behandeln Themen aus der Mythologie. Nach ihrem Auftritt waren die Bandmitglieder selbst auf dem Gel\u00e4nde unterwegs und lie\u00dfen sich gern mit Fans fotografieren.\n  <\/p>\n<p>            Die Band \u201eLegende von Nord\u201c greift nordische Mythologie auf<\/p>\n<p class=\"mb-6 text-xs-varying md:text-m lg:text-l font-serif group-[.font-sans]:font-sans \">\n    Auch die Band \u201eDie Legende von Nord\u201c aus der N\u00e4he von G\u00f6ttingen bedient sich der nordischen Mythologie, verarbeitet aber auch m\u00e4rchenhafte Themen. Sie arbeiteten auf der B\u00fchne mit dekorativen Objekten wie Fahnen, einer Krone, einem Kerzenleuchter oder mit Sense und Hammer, um die B\u00f6sewichte in den Texten wehrhaft zu machen.\n  <\/p>\n<p>    <img decoding=\"async\" src=\"https:\/\/www.europesays.com\/at\/wp-content\/uploads\/2026\/09\/p2090414ozzyfiedhwanner.jpg\" alt=\"Die Band \u201eOzzyfied\u201c mit dem S\u00e4nger Henning Wanner huldigte dem gro\u00dfen Vorbild Ozzy Osbourne und h\u00e4lt die Erinnerung an den S\u00e4nger von Black Sabbath am Leben.\" title=\"Die Band \u201eOzzyfied\u201c mit dem S\u00e4nger Henning Wanner huldigte dem gro\u00dfen Vorbild Ozzy Osbourne und h\u00e4lt die Erinnerung an den S\u00e4nger von Black Sabbath am Leben.\" loading=\"lazy\" class=\"h-full w-full object-cover\"\/><\/p>\n<p>      Icon vergr\u00f6\u00dfern<\/p>\n<p>    Die Band \u201eOzzyfied\u201c mit dem S\u00e4nger Henning Wanner huldigte dem gro\u00dfen Vorbild Ozzy Osbourne und h\u00e4lt die Erinnerung an den S\u00e4nger von Black Sabbath am Leben.<br \/>\n    Foto: Ulla Gutmann<\/p>\n<p>        Schlie\u00dfen <\/p>\n<p>      Icon Schlie\u00dfen<\/p>\n<p>        Icon vergr\u00f6\u00dfern<\/p>\n<p>        Icon verkleinern<\/p>\n<p>      Icon Pfeil bewegen<\/p>\n<p>    Die Band \u201eOzzyfied\u201c mit dem S\u00e4nger Henning Wanner huldigte dem gro\u00dfen Vorbild Ozzy Osbourne und h\u00e4lt die Erinnerung an den S\u00e4nger von Black Sabbath am Leben.<br \/>\n    Foto: Ulla Gutmann<\/p>\n<p class=\"mb-6 text-xs-varying md:text-m lg:text-l font-serif group-[.font-sans]:font-sans \">\n    Ganz anders wiederum schaut es bei \u201eOssyfied\u201c aus, eine deutsche Tribute-Band f\u00fcr Ozzy Osbourne und Black Sabbath, die im Jahr 2017 im Bergischen Land gegr\u00fcndet wurde. Dem S\u00e4nger gelingt es, die Bewegungen und Verhaltensweisen seines Vorbilds perfekt nachzuahmen \u2013 und er sieht ihm ohnehin sehr \u00e4hnlich. Henning Wanner zeigt mit starker Stimme und Pr\u00e4senz seinen tiefen Respekt f\u00fcr das Original \u2013 nicht Nachahmung, sondern echte Leidenschaft f\u00fcr die Musik und das Verm\u00e4chtnis des \u201ePrince of Darkness\u201c.\n  <\/p>\n<p>    <img decoding=\"async\" src=\"https:\/\/www.europesays.com\/at\/wp-content\/uploads\/2026\/09\/p2090360ravenbloodspanisch.jpg\" alt=\"Die spanische Band \u201eRavenblood\u201c hatte ihren weltweit einzigen Auftritt in diesem Jahr in Bad W\u00f6rishofen.\" title=\"Die spanische Band \u201eRavenblood\u201c hatte ihren weltweit einzigen Auftritt in diesem Jahr in Bad W\u00f6rishofen.\" loading=\"lazy\" class=\"h-full w-full object-cover\"\/><\/p>\n<p>      Icon vergr\u00f6\u00dfern<\/p>\n<p>    Die spanische Band \u201eRavenblood\u201c hatte ihren weltweit einzigen Auftritt in diesem Jahr in Bad W\u00f6rishofen.<br \/>\n    Foto: Ulla Gutmann<\/p>\n<p>        Schlie\u00dfen <\/p>\n<p>      Icon Schlie\u00dfen<\/p>\n<p>        Icon vergr\u00f6\u00dfern<\/p>\n<p>        Icon verkleinern<\/p>\n<p>      Icon Pfeil bewegen<\/p>\n<p>    Die spanische Band \u201eRavenblood\u201c hatte ihren weltweit einzigen Auftritt in diesem Jahr in Bad W\u00f6rishofen.<br \/>\n    Foto: Ulla Gutmann<\/p>\n<p class=\"mb-6 text-xs-varying md:text-m lg:text-l font-serif group-[.font-sans]:font-sans \">\n    Sehr sympathisch gaben sich die Musiker der spanischen Band \u201eRavenblood\u201c, die Melodic-Death-Metal spielen und in Bad W\u00f6rishofen heuer ihr einziges Konzert spielen. Ansonsten arbeiten sie an ihrem neuen Album. Schaurig und dunkel wurde es wiederum bei \u201eGhosts of Atlantis\u201c, die mit Make-Up, Gewand und dem typischen \u201eGrowling\u201c \u2013 ein tiefer, dunkler, gutturaler Gesang, die Menge f\u00fcr sich einnahmen. \u201eDa wei\u00df man, wie es in der H\u00f6lle sein wird\u201c, kommentiert ein Besucher grinsend.\n  <\/p>\n<p>            Vor der B\u00fchne in Bad W\u00f6rishofen tobten die Fans<\/p>\n<p class=\"mb-6 text-xs-varying md:text-m lg:text-l font-serif group-[.font-sans]:font-sans \">\n    Die letzte Band am letzten Tag, \u201eDust Bolt\u201c, aus Landsberg am Lech, beschallte das Gel\u00e4nde mit extra lautem Thrash Metal, und gaben zum Abschluss noch mal alles. Die Musiker trugen alle lange Haare, die sie wild durch die Luft schleuderten. Mit Gesang, Gitarrenkl\u00e4ngen und Schlagzeug brachten sie die die Fans vor der B\u00fchne zum Toben.\n  <\/p>\n<p>    Bilder vom Forest Metal Festival Tag zwei bis vier<\/p>\n<p>      <a href=\"https:\/\/www.augsburger-allgemeine.de\/mindelheim\/bad-woerishofen-bilder-vom-forest-metal-festival-tag-zwei-bis-vier-115104549\" class=\"undefined aspect-hdtv md:aspect-hdtv lg:aspect-hdtv w-fullXXX relative self-start block overflow-hidden\" rel=\"nofollow noopener\" target=\"_blank\"><\/p>\n<p>    <img decoding=\"async\" src=\"https:\/\/www.europesays.com\/at\/wp-content\/uploads\/2026\/09\/00000250.jpg\" alt=\"Der S\u00e4nger von Lacrimas Profundere riss das Publikum mit und tanze mitten auf der Wiese und holte auch einen Besucher auf die B\u00fchne.\" title=\"Der S\u00e4nger von Lacrimas Profundere riss das Publikum mit und tanze mitten auf der Wiese und holte auch einen Besucher auf die B\u00fchne.\" loading=\"lazy\" class=\"h-full w-full object-cover\"\/><br \/>\n    <\/a><\/p>\n<p>    \u00dcber 30 Grad Hitze und Regenschauer, das Wetter und die Stilrichtungen der Metalbands aus aller Welt boten Vielfalt f\u00fcr die zahlreichen Metalfans.<\/p>\n<p class=\"mb-6 text-xs-varying md:text-m lg:text-l font-serif group-[.font-sans]:font-sans \">\n    Einen echten H\u00f6hepunkt bildete die Band \u201eLacrimas Profundere\u201c aus Waging am See. S\u00e4nger Julian Larre, der eine unglaubliche Energie auf der B\u00fchne entwickelte, pr\u00e4sentiert mit seinem Musikern Dark Rock vom Feinsten. Die Fans zum Tanzen und Mitsingen brachte, sich dazu in die Menge st\u00fcrzte und tanzte. Man k\u00f6nnte sagen, keiner konnte ihm widerstehen.\n  <\/p>\n<p>    <img decoding=\"async\" src=\"https:\/\/www.europesays.com\/at\/wp-content\/uploads\/2026\/09\/p2080627milesderdachs.jpg\" alt=\"Metal Heads mit Miles dem Dachs, der in Kaufbeuren lebt, und gern auf Metal-Festivals auftaucht.\" title=\"Metal Heads mit Miles dem Dachs, der in Kaufbeuren lebt, und gern auf Metal-Festivals auftaucht.\" loading=\"lazy\" class=\"h-full w-full object-cover\"\/><\/p>\n<p>      Icon vergr\u00f6\u00dfern<\/p>\n<p>    Metal Heads mit Miles dem Dachs, der in Kaufbeuren lebt, und gern auf Metal-Festivals auftaucht.<br \/>\n    Foto: Ulla Gutmann<\/p>\n<p>        Schlie\u00dfen <\/p>\n<p>      Icon Schlie\u00dfen<\/p>\n<p>        Icon vergr\u00f6\u00dfern<\/p>\n<p>        Icon verkleinern<\/p>\n<p>      Icon Pfeil bewegen<\/p>\n<p>    Metal Heads mit Miles dem Dachs, der in Kaufbeuren lebt, und gern auf Metal-Festivals auftaucht.<br \/>\n    Foto: Ulla Gutmann<\/p>\n<p class=\"mb-6 text-xs-varying md:text-m lg:text-l font-serif group-[.font-sans]:font-sans \">\n    Die Besucher kamen bis aus Wien, ein Ehepaar aus Chur in der Schweiz war eigens zum Konzert von \u201eDie Legende von Nord\u201c gekommen, in der ihr Sohn Bassist ist. Lehrerin Nina Seitz aus T\u00fcrkheim lobte vor allem das harmonische Miteinander auf dem Festival, die Hilfsbereitschaft und auch das Veranstaltungsteam. \u201eAuch, wenn mal etwas schief l\u00e4uft, tun die hier alles, um den <a href=\"https:\/\/www.augsburger-allgemeine.de\/mindelheim\/bad-woerishofen-blasmusik-und-harte-sounds-gelungener-auftakt-beim-forest-metal-festival-in-bad-woerishofen-115085921\" target=\"_self\" class=\"underline \" rel=\"nofollow noopener\">Besuchern und Besucherinnen einen angenehmen Aufenthalt zu erm\u00f6glichen<\/a>\u201c, lobte sie. Auch ein alter Stammgast war wieder auf dem Gel\u00e4nde dabei: Miles, der ausgestopfte Dachs, der mit Herrchen und Frauchen aus Kaufbeuren angereist war. Er ist von Anfang an beim Forest Metal Fest dabei, aber auch auf anderen Festivals anzutreffen. Seine Abenteuer kann man auf Instagram @Miles_der_Dachs verfolgen.\n  <\/p>\n<p class=\"mb-6 text-xs-varying md:text-m lg:text-l font-serif group-[.font-sans]:font-sans \">\n    Im vergangenen Jahr zeigte sich bereits, dass das Festival an Zugkraft gewinnt. Die Fans feierten auch dieses Jahr friedlich und hatten ihren Spa\u00df mit Bands, f\u00fcr die normalerweise weitere Anreisen n\u00f6tig sind.\n  <\/p>\n","protected":false},"excerpt":{"rendered":"Der Charme eines kleinen Festivals hatte zahlreiche Besucher angelockt beim Forest Metal Festival in Bad W\u00f6rishofen. Zum dritten&hellip;\n","protected":false},"author":2,"featured_media":368390,"comment_status":"","ping_status":"","sticky":false,"template":"","format":"standard","meta":{"footnotes":"","_share_on_mastodon":"0"},"categories":[24],"tags":[46,24283,42,52631,92534,2047,1104,147,92533,26875,92535,6856,153,154,44,2052,148],"class_list":["post-368389","post","type-post","status-publish","format-standard","has-post-thumbnail","category-musik","tag-at","tag-atlantis","tag-austria","tag-bad-woerishofen","tag-bergisches-land","tag-black-sabbath","tag-bremen","tag-entertainment","tag-forest","tag-goettingen","tag-henning-wanner","tag-luebeck","tag-music","tag-musik","tag-oesterreich","tag-ozzy-osbourne","tag-unterhaltung"],"share_on_mastodon":{"url":"https:\/\/pubeurope.com\/@at\/117195398656311631","error":""},"_links":{"self":[{"href":"https:\/\/www.europesays.com\/at\/wp-json\/wp\/v2\/posts\/368389","targetHints":{"allow":["GET"]}}],"collection":[{"href":"https:\/\/www.europesays.com\/at\/wp-json\/wp\/v2\/posts"}],"about":[{"href":"https:\/\/www.europesays.com\/at\/wp-json\/wp\/v2\/types\/post"}],"author":[{"embeddable":true,"href":"https:\/\/www.europesays.com\/at\/wp-json\/wp\/v2\/users\/2"}],"replies":[{"embeddable":true,"href":"https:\/\/www.europesays.com\/at\/wp-json\/wp\/v2\/comments?post=368389"}],"version-history":[{"count":0,"href":"https:\/\/www.europesays.com\/at\/wp-json\/wp\/v2\/posts\/368389\/revisions"}],"wp:featuredmedia":[{"embeddable":true,"href":"https:\/\/www.europesays.com\/at\/wp-json\/wp\/v2\/media\/368390"}],"wp:attachment":[{"href":"https:\/\/www.europesays.com\/at\/wp-json\/wp\/v2\/media?parent=368389"}],"wp:term":[{"taxonomy":"category","embeddable":true,"href":"https:\/\/www.europesays.com\/at\/wp-json\/wp\/v2\/categories?post=368389"},{"taxonomy":"post_tag","embeddable":true,"href":"https:\/\/www.europesays.com\/at\/wp-json\/wp\/v2\/tags?post=368389"}],"curies":[{"name":"wp","href":"https:\/\/api.w.org\/{rel}","templated":true}]}}