{"id":368421,"date":"2026-09-01T11:07:13","date_gmt":"2026-09-01T11:07:13","guid":{"rendered":"https:\/\/www.europesays.com\/at\/368421\/"},"modified":"2026-09-01T11:07:13","modified_gmt":"2026-09-01T11:07:13","slug":"neuauflage-im-tv-die-flodders-feiern-nach-40-jahren-comeback","status":"publish","type":"post","link":"https:\/\/www.europesays.com\/at\/368421\/","title":{"rendered":"Neuauflage im TV &#8211; \u201eDie Flodders\u201c feiern nach 40 Jahren Comeback!"},"content":{"rendered":"<p>Kees kehrt zur\u00fcck<br \/>Von der Original-Familie kehrte Tatjana Simic zur\u00fcck. Sie war vor 40 Jahren die sexy Tochter Kees, nun spielt sie die sexy Mutter von Kees, die nach zehn Jahren pl\u00f6tzlich auftaucht. Zur Sippe geh\u00f6rt noch Teenie-Mutter Priscilla, die sich an die braven Nachbarsjungen heranmacht, der d\u00fcmmliche Onkel Donny, immer auf der Suche nach einem guten Deal, und Oma Flodder, die Kette raucht und irgendein Kauderwelsch spricht, das nur die Familie versteht. Vor 40 Jahren war es noch ein Opa.<\/p>\n","protected":false},"excerpt":{"rendered":"Kees kehrt zur\u00fcckVon der Original-Familie kehrte Tatjana Simic zur\u00fcck. Sie war vor 40 Jahren die sexy Tochter Kees,&hellip;\n","protected":false},"author":2,"featured_media":368422,"comment_status":"","ping_status":"","sticky":false,"template":"","format":"standard","meta":{"footnotes":"","_share_on_mastodon":"0"},"categories":[25],"tags":[46,42,33080,257,92542,82346,147,92543,56170,92544,92545,5066,44,14062,156,155,92546,148],"class_list":["post-368421","post","type-post","status-publish","format-standard","has-post-thumbnail","category-serien","tag-at","tag-austria","tag-charlotte","tag-deutschland","tag-dick-maas","tag-die-flodders","tag-entertainment","tag-ghislaine-van-ijperen","tag-jp","tag-kees","tag-kees-flodder-junior","tag-niederlaendische","tag-oesterreich","tag-priscilla","tag-serien","tag-series","tag-tatjana-simic","tag-unterhaltung"],"share_on_mastodon":{"url":"https:\/\/pubeurope.com\/@at\/117195469312072935","error":""},"_links":{"self":[{"href":"https:\/\/www.europesays.com\/at\/wp-json\/wp\/v2\/posts\/368421","targetHints":{"allow":["GET"]}}],"collection":[{"href":"https:\/\/www.europesays.com\/at\/wp-json\/wp\/v2\/posts"}],"about":[{"href":"https:\/\/www.europesays.com\/at\/wp-json\/wp\/v2\/types\/post"}],"author":[{"embeddable":true,"href":"https:\/\/www.europesays.com\/at\/wp-json\/wp\/v2\/users\/2"}],"replies":[{"embeddable":true,"href":"https:\/\/www.europesays.com\/at\/wp-json\/wp\/v2\/comments?post=368421"}],"version-history":[{"count":0,"href":"https:\/\/www.europesays.com\/at\/wp-json\/wp\/v2\/posts\/368421\/revisions"}],"wp:featuredmedia":[{"embeddable":true,"href":"https:\/\/www.europesays.com\/at\/wp-json\/wp\/v2\/media\/368422"}],"wp:attachment":[{"href":"https:\/\/www.europesays.com\/at\/wp-json\/wp\/v2\/media?parent=368421"}],"wp:term":[{"taxonomy":"category","embeddable":true,"href":"https:\/\/www.europesays.com\/at\/wp-json\/wp\/v2\/categories?post=368421"},{"taxonomy":"post_tag","embeddable":true,"href":"https:\/\/www.europesays.com\/at\/wp-json\/wp\/v2\/tags?post=368421"}],"curies":[{"name":"wp","href":"https:\/\/api.w.org\/{rel}","templated":true}]}}