{"id":368537,"date":"2026-09-01T12:14:11","date_gmt":"2026-09-01T12:14:11","guid":{"rendered":"https:\/\/www.europesays.com\/at\/368537\/"},"modified":"2026-09-01T12:14:11","modified_gmt":"2026-09-01T12:14:11","slug":"fpoe-schnedlitz-ein-afghane-im-flieger-lenkt-nicht-vom-oevp-versagen-ab","status":"publish","type":"post","link":"https:\/\/www.europesays.com\/at\/368537\/","title":{"rendered":"FP\u00d6 \u2013 Schnedlitz: \u201eEin Afghane im Flieger lenkt nicht vom \u00d6VP-Versagen ab!\u201c"},"content":{"rendered":"<p>Wien (OTS) &#8211;\u00a0<\/p>\n<p>Die mediale Inszenierung von \u00d6VP-Innenminister Karner rund um die Abschiebung eines einzigen afghanischen Intensivt\u00e4ters ist f\u00fcr FP\u00d6-Generalsekret\u00e4r und Heimatschutzsprecher NAbg. Michael Schnedlitz die Fortsetzung des peinlichen Kurses der \u00d6VP, Minimalma\u00dfnahmen als den gro\u00dfen Wurf zu verkaufen. F\u00fcr die Freiheitlichen ist das Abfeiern dieser Einzelma\u00dfnahme ein durchschaubares Ablenkungsman\u00f6ver vom generellen Asyl-Versagen der \u00d6VP.<\/p>\n<p>\u201eWie oft will sich Karner eigentlich noch f\u00fcr eine l\u00e4ppische Einzelabschiebung feiern lassen? Dass ein Krimineller nach drei Verurteilungen und zwanzig Vormerkungen endlich au\u00dfer Landes gebracht wird, ist kein Erfolg, sondern ein absolutes Armutszeugnis\u201c, kritisierte FP\u00d6-Generalsekret\u00e4r und Heimatschutzsprecher NAbg. Michael Schnedlitz. F\u00fcr solche T\u00e4ter d\u00fcrfe es nur einen Weg geben: Direkt aus dem Gerichtssaal auf den Flughafen und ab nach Hause.<\/p>\n<p>Dass die \u00d6VP jeden einzelnen Abgeschobenen plakatieren m\u00fcsse, zeige ihren desolaten Zustand. \u201eKarner klopft sich f\u00fcr einen einzigen abgeschobenen straff\u00e4lligen Afghanen auf die Schulter. Gleichzeitig gehen unsere Gef\u00e4ngnisse mit ausl\u00e4ndischen H\u00e4ftlingen \u00fcber. Das interessiert den Minister aber nicht\u201c, so Schnedlitz weiter.<\/p>\n<p>\u201eEin einziger Krimineller im Flugzeug ist ein Tropfen auf den hei\u00dfen Stein. Ein ganzer Flieger voll w\u00e4re mal ein vern\u00fcnftiger Anfang! Nur mit der FP\u00d6 wird es eine echte Festung \u00d6sterreich geben, in der kriminelle Asyl-Profiteure im Akkord au\u00dfer Landes gebracht werden, statt billiger \u00d6VP-Showpolitik\u201c, so Schnedlitz abschlie\u00dfend.<\/p>\n<p _ngcontent-ng-c2115416006=\"\"> OTS-ORIGINALTEXT PRESSEAUSSENDUNG UNTER AUSSCHLIESSLICHER<br \/>\nINHALTLICHER VERANTWORTUNG DES AUSSENDERS &#8211; WWW.OTS.AT | FPK<\/p>\n","protected":false},"excerpt":{"rendered":"Wien (OTS) &#8211;\u00a0 Die mediale Inszenierung von \u00d6VP-Innenminister Karner rund um die Abschiebung eines einzigen afghanischen Intensivt\u00e4ters ist&hellip;\n","protected":false},"author":2,"featured_media":368538,"comment_status":"","ping_status":"","sticky":false,"template":"","format":"standard","meta":{"footnotes":"","_share_on_mastodon":"0"},"categories":[6],"tags":[26393,26395,3470,46,42,6865,680,23447,2219,79,44,26394,413,1868,43,45,54347,4213],"class_list":["post-368537","post","type-post","status-publish","format-standard","has-post-thumbnail","category-oesterreich","tag-apa","tag-apa-ots","tag-asyl","tag-at","tag-austria","tag-bundesregierung","tag-fpoe","tag-karner","tag-kriminalitaet-und-justiz","tag-migration","tag-oesterreich","tag-ots","tag-oevp","tag-regierungspolitik","tag-republic-of-austria","tag-republik-oesterreich","tag-schnedlitz","tag-sicherheit"],"share_on_mastodon":{"url":"https:\/\/pubeurope.com\/@at\/117195732628960013","error":""},"_links":{"self":[{"href":"https:\/\/www.europesays.com\/at\/wp-json\/wp\/v2\/posts\/368537","targetHints":{"allow":["GET"]}}],"collection":[{"href":"https:\/\/www.europesays.com\/at\/wp-json\/wp\/v2\/posts"}],"about":[{"href":"https:\/\/www.europesays.com\/at\/wp-json\/wp\/v2\/types\/post"}],"author":[{"embeddable":true,"href":"https:\/\/www.europesays.com\/at\/wp-json\/wp\/v2\/users\/2"}],"replies":[{"embeddable":true,"href":"https:\/\/www.europesays.com\/at\/wp-json\/wp\/v2\/comments?post=368537"}],"version-history":[{"count":0,"href":"https:\/\/www.europesays.com\/at\/wp-json\/wp\/v2\/posts\/368537\/revisions"}],"wp:featuredmedia":[{"embeddable":true,"href":"https:\/\/www.europesays.com\/at\/wp-json\/wp\/v2\/media\/368538"}],"wp:attachment":[{"href":"https:\/\/www.europesays.com\/at\/wp-json\/wp\/v2\/media?parent=368537"}],"wp:term":[{"taxonomy":"category","embeddable":true,"href":"https:\/\/www.europesays.com\/at\/wp-json\/wp\/v2\/categories?post=368537"},{"taxonomy":"post_tag","embeddable":true,"href":"https:\/\/www.europesays.com\/at\/wp-json\/wp\/v2\/tags?post=368537"}],"curies":[{"name":"wp","href":"https:\/\/api.w.org\/{rel}","templated":true}]}}