{"id":368653,"date":"2026-09-01T13:29:11","date_gmt":"2026-09-01T13:29:11","guid":{"rendered":"https:\/\/www.europesays.com\/at\/368653\/"},"modified":"2026-09-01T13:29:11","modified_gmt":"2026-09-01T13:29:11","slug":"gericht-in-quebec-entlastet-kardinal-marc-ouellet-verleumdung","status":"publish","type":"post","link":"https:\/\/www.europesays.com\/at\/368653\/","title":{"rendered":"Gericht in Qu\u00e9bec entlastet Kardinal Marc Ouellet: Verleumdung"},"content":{"rendered":"<p>Das Oberste Gericht von Qu\u00e9bec hat ein Urteil im Fall des kanadischen Kardinals Marc Ouellet gef\u00e4llt. Das Gericht stufte die Vorw\u00fcrfe einer fr\u00fcheren Pastoralassistentin bez\u00fcglich angeblicher sexueller \u00dcbergriffe als unbegr\u00fcndet ein und sprach Ouellet eine Entsch\u00e4digungssumme von 100.000 Dollar zu.<\/p>\n<p>     <a href=\"https:\/\/www.vaticannews.va\/de\/welt\/news\/2024-07\/kanada-missbrauch-entschaedigung-zahlung-waisenhaus-kirche.html\" title=\"Kanada: Erzbistum zahlt Entsch\u00e4digungen\" rel=\"nofollow noopener\" target=\"_blank\"><\/p>\n<p>        <img decoding=\"async\" src=\"data:image\/gif;base64,R0lGODlhAQABAIAAAAAAAP\/\/\/yH5BAEAAAAALAAAAAABAAEAAAIBRAA7\" data-original=\"https:\/\/www.vaticannews.va\/content\/dam\/vaticannews\/agenzie\/images\/reuters\/2023\/06\/22\/10\/1687424203591.JPG\/_jcr_content\/renditions\/cq5dam.thumbnail.cropped.500.281.jpeg\" alt=\"Kanada: Erzbistum zahlt Entsch\u00e4digungen\"\/><\/p>\n<p>      <\/a><\/p>\n<p>\n      Die katholische Kirche wird 104 Millionen kanadische Dollar (umgerechnet 76 Millionen US-Dollar) an Hunderte von Opfern sexuellen Missbrauchs im Osten Kanadas zahlen. Das k\u00fcndigt &#8230;\n     <\/p>\n<p>Salvatore Cernuzio und Mario Galgano &#8211; Vatikanstadt<\/p>\n<p>Die Beschuldigungen gegen den emeritierten Pr\u00e4fekten des vatikanischen Bischofsdikasteriums stammten aus dem August 2022 und wurden im Kontext einer Sammelklage gegen die Erzdi\u00f6zese Qu\u00e9bec vorgebracht. Die Kl\u00e4gerin hatte Handlungen im Zeitraum von 2008 bis 2010 geltend gemacht. Ouellet wies die Darstellungen von Beginn an zur\u00fcck und leitete rechtliche Schritte zur Wahrung seiner Pers\u00f6nlichkeitsrechte ein. Bereits im Jahr 2022 sah Papst Franziskus nach einer internen Voruntersuchung mangels hinreichender Anhaltspunkte von der Er\u00f6ffnung eines kirchenrechtlichen Ermittlungsverfahrens ab.<\/p>\n<p>Im zivilrechtlichen Verfahren vor dem Gericht in Montreal im M\u00e4rz 2026 stellte Richter Martin Castonguay Unstimmigkeiten in den Aussagen der Kl\u00e4gerin fest und stufte deren Angaben als nicht glaubw\u00fcrdig ein. Zudem verwies das Gericht auf den Umstand, dass die unberechtigte Zuordnung Ouellets zu den Vorw\u00fcrfen der Sammelklage eine Beeintr\u00e4chtigung seiner Reputation darstellte.<\/p>\n<p>Kardinal Ouellet k\u00fcndigte in einer Stellungnahme an, den zugesprochenen Betrag vollst\u00e4ndig an Organisationen weiterzuleiten, die sich f\u00fcr den Schutz indigener Gemeinschaften vor sexuellem Missbrauch in Kanada engagieren. Zudem bekr\u00e4ftigte er seine Absicht, Ma\u00dfnahmen gegen Fehlverhalten innerhalb der Kirche und der Gesellschaft weiterhin zu unterst\u00fctzen.<\/p>\n<p>(vatican news)<\/p>\n","protected":false},"excerpt":{"rendered":"Das Oberste Gericht von Qu\u00e9bec hat ein Urteil im Fall des kanadischen Kardinals Marc Ouellet gef\u00e4llt. Das Gericht&hellip;\n","protected":false},"author":2,"featured_media":368654,"comment_status":"","ping_status":"","sticky":false,"template":"","format":"standard","meta":{"footnotes":"","_share_on_mastodon":"0"},"categories":[12],"tags":[17269,71223,92573,330,37728,92571,40,41,16746,45347,39,2112,92572,66,65,64],"class_list":["post-368653","post","type-post","status-publish","format-standard","has-post-thumbnail","category-welt","tag-entschaedigung","tag-gerichtsurteil","tag-indigene-bevoelkerung","tag-kanada","tag-kardinal","tag-marc-ouellet","tag-nachrichten","tag-news","tag-papst-franziskus","tag-quebec","tag-schlagzeilen","tag-vatikan","tag-verleumdungsklage","tag-welt","tag-world","tag-world-news"],"share_on_mastodon":{"url":"https:\/\/pubeurope.com\/@at\/117196027538800754","error":""},"_links":{"self":[{"href":"https:\/\/www.europesays.com\/at\/wp-json\/wp\/v2\/posts\/368653","targetHints":{"allow":["GET"]}}],"collection":[{"href":"https:\/\/www.europesays.com\/at\/wp-json\/wp\/v2\/posts"}],"about":[{"href":"https:\/\/www.europesays.com\/at\/wp-json\/wp\/v2\/types\/post"}],"author":[{"embeddable":true,"href":"https:\/\/www.europesays.com\/at\/wp-json\/wp\/v2\/users\/2"}],"replies":[{"embeddable":true,"href":"https:\/\/www.europesays.com\/at\/wp-json\/wp\/v2\/comments?post=368653"}],"version-history":[{"count":0,"href":"https:\/\/www.europesays.com\/at\/wp-json\/wp\/v2\/posts\/368653\/revisions"}],"wp:featuredmedia":[{"embeddable":true,"href":"https:\/\/www.europesays.com\/at\/wp-json\/wp\/v2\/media\/368654"}],"wp:attachment":[{"href":"https:\/\/www.europesays.com\/at\/wp-json\/wp\/v2\/media?parent=368653"}],"wp:term":[{"taxonomy":"category","embeddable":true,"href":"https:\/\/www.europesays.com\/at\/wp-json\/wp\/v2\/categories?post=368653"},{"taxonomy":"post_tag","embeddable":true,"href":"https:\/\/www.europesays.com\/at\/wp-json\/wp\/v2\/tags?post=368653"}],"curies":[{"name":"wp","href":"https:\/\/api.w.org\/{rel}","templated":true}]}}