{"id":368711,"date":"2026-09-01T14:04:12","date_gmt":"2026-09-01T14:04:12","guid":{"rendered":"https:\/\/www.europesays.com\/at\/368711\/"},"modified":"2026-09-01T14:04:12","modified_gmt":"2026-09-01T14:04:12","slug":"kjaergaard-in-ligue-1-nach-sieben-jahren-endet-kapitel-in-salzburg","status":"publish","type":"post","link":"https:\/\/www.europesays.com\/at\/368711\/","title":{"rendered":"Kjaergaard in Ligue 1 &#8211; Nach sieben Jahren endet Kapitel in Salzburg"},"content":{"rendered":"<p>Das war\u2018s! Maurits Kjaergaard verl\u00e4sst den FC Red Bull Salzburg endg\u00fcltig. Der D\u00e4ne wollte bekanntlich bereits seit l\u00e4ngerer Zeit den Fu\u00dfball-Bundesligisten verlassen, kurz vor Ende des Transferfensters klappte es dann mit dem Wechsel. Nach 136 Spielen, 19 Toren und 33 Assists endet das Kapitel Kjaergaard nach sieben Jahren in der Mozartstadt. \u201eAls ich vor so vielen Jahren hierherkam, war ich fast noch ein kleiner Junge. Jetzt gehe ich als gereifter Mann und Spieler. Ich habe beim FC Red Bull Salzburg nicht nur meine sportliche Ausbildung erhalten, sondern konnte mich auch als Mensch entwickeln, wof\u00fcr ich allen hier beim Klub sehr dankbar bin. Ich schlie\u00dfe heute ein gro\u00dfartiges Kapitel in meinem Leben ab und mache mich auf, ein neues zu \u00f6ffnen\u201c, wird der 23-J\u00e4hrige in einer Vereinsaussendung zitiert.<\/p>\n","protected":false},"excerpt":{"rendered":"Das war\u2018s! Maurits Kjaergaard verl\u00e4sst den FC Red Bull Salzburg endg\u00fcltig. Der D\u00e4ne wollte bekanntlich bereits seit l\u00e4ngerer&hellip;\n","protected":false},"author":2,"featured_media":368712,"comment_status":"","ping_status":"","sticky":false,"template":"","format":"standard","meta":{"footnotes":"","_share_on_mastodon":"0"},"categories":[18],"tags":[46,42,92585,61128,57709,1061,9051,12056,5793,73670,12058,8766,1370,44,856,307,62080,109,108],"class_list":["post-368711","post","type-post","status-publish","format-standard","has-post-thumbnail","category-sport","tag-at","tag-austria","tag-carlo","tag-danny-roehl","tag-davide-ancelotti","tag-fc-red-bull-salzburg","tag-franzoesische","tag-kjaergaard","tag-mads-bidstrup","tag-mamady-diambou","tag-maurits-kjaergaard","tag-olivier-giroud","tag-osc-lille","tag-oesterreich","tag-oesterreichischen","tag-red-bull","tag-roehl","tag-sport","tag-sports"],"share_on_mastodon":{"url":"https:\/\/pubeurope.com\/@at\/117196165418622910","error":""},"_links":{"self":[{"href":"https:\/\/www.europesays.com\/at\/wp-json\/wp\/v2\/posts\/368711","targetHints":{"allow":["GET"]}}],"collection":[{"href":"https:\/\/www.europesays.com\/at\/wp-json\/wp\/v2\/posts"}],"about":[{"href":"https:\/\/www.europesays.com\/at\/wp-json\/wp\/v2\/types\/post"}],"author":[{"embeddable":true,"href":"https:\/\/www.europesays.com\/at\/wp-json\/wp\/v2\/users\/2"}],"replies":[{"embeddable":true,"href":"https:\/\/www.europesays.com\/at\/wp-json\/wp\/v2\/comments?post=368711"}],"version-history":[{"count":0,"href":"https:\/\/www.europesays.com\/at\/wp-json\/wp\/v2\/posts\/368711\/revisions"}],"wp:featuredmedia":[{"embeddable":true,"href":"https:\/\/www.europesays.com\/at\/wp-json\/wp\/v2\/media\/368712"}],"wp:attachment":[{"href":"https:\/\/www.europesays.com\/at\/wp-json\/wp\/v2\/media?parent=368711"}],"wp:term":[{"taxonomy":"category","embeddable":true,"href":"https:\/\/www.europesays.com\/at\/wp-json\/wp\/v2\/categories?post=368711"},{"taxonomy":"post_tag","embeddable":true,"href":"https:\/\/www.europesays.com\/at\/wp-json\/wp\/v2\/tags?post=368711"}],"curies":[{"name":"wp","href":"https:\/\/api.w.org\/{rel}","templated":true}]}}