{"id":368879,"date":"2026-09-01T15:38:06","date_gmt":"2026-09-01T15:38:06","guid":{"rendered":"https:\/\/www.europesays.com\/at\/368879\/"},"modified":"2026-09-01T15:38:06","modified_gmt":"2026-09-01T15:38:06","slug":"kinderkino-in-bremerhaven-zeigt-paddington-im-auswandererhaus","status":"publish","type":"post","link":"https:\/\/www.europesays.com\/at\/368879\/","title":{"rendered":"Kinderkino in Bremerhaven zeigt \u201ePaddington\u201c im Auswandererhaus"},"content":{"rendered":"<p>Das Kinderkino on Tour zeigt am Mittwoch, 16. September, von 15.30 bis 18 Uhr den Familienfilm <a href=\"https:\/\/www.youtube.com\/watch?v=58Xr_7iBnKA\" target=\"_blank\" rel=\"noopener nofollow\" title=\"Trailer\">\u201ePaddington\u201c<\/a> im Deutschen Auswandererhaus, Marie-Juchacz-Platz 1, in Bremerhaven. Der Film erz\u00e4hlt von dem B\u00e4ren aus Peru, der in London ein neues Zuhause sucht und bei der Familie Brown aufgenommen wird. Die Geschichte handelt von Neuanfang, Zusammenhalt und dem Ankommen in einer neuen Heimat. Im Anschluss gibt es eine kostenlose Kinder-Kurzf\u00fchrung mit der Museumsp\u00e4dagogin Astrid Birth durch die Ausstellung.<\/p>\n<p>            Anmeldungen sind erforderlich<\/p>\n<p>Der 91-min\u00fctige Film ist ohne Altersbeschr\u00e4nkung freigegeben und besonders f\u00fcr Kinder ab acht Jahren geeignet. Die Veranstaltung richtet sich an Familien und Kinder bis zw\u00f6lf Jahre. Die Teilnahme ist kostenlos, die Pl\u00e4tze sind begrenzt. Anmeldungen sind unter <a href=\"https:\/\/www.nordsee-zeitung.de\/bremerhaven\/tel:0471\/5902120\" target=\"_blank\" rel=\"noopener nofollow\" title=\"Anmeldungen\">0471\/5902120<\/a> (montags bis freitags von 9 bis 12 Uhr) oder per Mail (<a href=\"https:\/\/www.nordsee-zeitung.de\/bremerhaven\/mailto:kulturamt@magistrat.bremerhaven.de\" target=\"_blank\" rel=\"noopener nofollow\" title=\"Anmeldungen\">kulturamt@magistrat.bremerhaven.de<\/a>) m\u00f6glich. (pm\/axt)<\/p>\n","protected":false},"excerpt":{"rendered":"Das Kinderkino on Tour zeigt am Mittwoch, 16. September, von 15.30 bis 18 Uhr den Familienfilm \u201ePaddington\u201c im&hellip;\n","protected":false},"author":2,"featured_media":368880,"comment_status":"","ping_status":"","sticky":false,"template":"","format":"standard","meta":{"footnotes":"","_share_on_mastodon":"0"},"categories":[23],"tags":[92612,46,74270,42,151,92611,44125,147,35167,1859,2971,152,150,44126,44,148,777],"class_list":["post-368879","post","type-post","status-publish","format-standard","has-post-thumbnail","category-kino","tag-astrid-birth","tag-at","tag-ausstellungen-und-publikumsschauen","tag-austria","tag-cinema","tag-deutsches-auswandererhaus","tag-drive-1","tag-entertainment","tag-familien","tag-filme","tag-kinder-und-jugendliche","tag-kino","tag-movie","tag-noecho","tag-oesterreich","tag-unterhaltung","tag-veranstaltungen"],"share_on_mastodon":{"url":"https:\/\/pubeurope.com\/@at\/117196534791563835","error":""},"_links":{"self":[{"href":"https:\/\/www.europesays.com\/at\/wp-json\/wp\/v2\/posts\/368879","targetHints":{"allow":["GET"]}}],"collection":[{"href":"https:\/\/www.europesays.com\/at\/wp-json\/wp\/v2\/posts"}],"about":[{"href":"https:\/\/www.europesays.com\/at\/wp-json\/wp\/v2\/types\/post"}],"author":[{"embeddable":true,"href":"https:\/\/www.europesays.com\/at\/wp-json\/wp\/v2\/users\/2"}],"replies":[{"embeddable":true,"href":"https:\/\/www.europesays.com\/at\/wp-json\/wp\/v2\/comments?post=368879"}],"version-history":[{"count":0,"href":"https:\/\/www.europesays.com\/at\/wp-json\/wp\/v2\/posts\/368879\/revisions"}],"wp:featuredmedia":[{"embeddable":true,"href":"https:\/\/www.europesays.com\/at\/wp-json\/wp\/v2\/media\/368880"}],"wp:attachment":[{"href":"https:\/\/www.europesays.com\/at\/wp-json\/wp\/v2\/media?parent=368879"}],"wp:term":[{"taxonomy":"category","embeddable":true,"href":"https:\/\/www.europesays.com\/at\/wp-json\/wp\/v2\/categories?post=368879"},{"taxonomy":"post_tag","embeddable":true,"href":"https:\/\/www.europesays.com\/at\/wp-json\/wp\/v2\/tags?post=368879"}],"curies":[{"name":"wp","href":"https:\/\/api.w.org\/{rel}","templated":true}]}}