{"id":368909,"date":"2026-09-01T15:55:13","date_gmt":"2026-09-01T15:55:13","guid":{"rendered":"https:\/\/www.europesays.com\/at\/368909\/"},"modified":"2026-09-01T15:55:13","modified_gmt":"2026-09-01T15:55:13","slug":"jp-kraemer-will-firmen-nach-gewaltvorwuerfen-schliessen-ich-kann-nicht-mehr","status":"publish","type":"post","link":"https:\/\/www.europesays.com\/at\/368909\/","title":{"rendered":"JP Kraemer will Firmen nach Gewaltvorw\u00fcrfen schlie\u00dfen \u2013 \u201eIch kann nicht mehr\u201c"},"content":{"rendered":"<p>Entschuldigung bei seiner Noch-EhefrauNach Gewaltvorw\u00fcrfen \u2013 JP Kraemer will Firmenimperium schlie\u00dfen<img alt=\"Jean Pierre JP Kraemer bei der Pressekonferenz zum Charity Event Duell der Maschinen des Rasenger\u00e4te\" fetchpriority=\"high\" width=\"940\" height=\"529\" decoding=\"async\" data-nimg=\"1\" class=\"Image_image__SdgLQ Picture_image__vGN9W\" style=\"color:transparent\"   src=\"https:\/\/www.europesays.com\/at\/wp-content\/uploads\/2026\/09\/3c064e90-a065-4f99-b66e-ee48bbc14e5boriginal.webp\"\/><\/p>\n<p>JP Kraemer k\u00fcndigt nach den Gewaltvorw\u00fcrfen einen radikalen R\u00fcckzug an.<\/p>\n<p>imago stock&amp;people, imago\/Future Image, imago stock<\/p>\n<p class=\"AnnotatedMarkup_paragraph__IUT9l\">Radikaler R\u00fcckzug! <br \/>Jean Pierre \u201eJP\u201c Kraemer zieht nach den Gewaltvorw\u00fcrfen gegen ihn drastische Konsequenzen. In einem emotionalen YouTube-Video entschuldigt sich der 45-J\u00e4hrige bei seiner Noch-Ehefrau Julia Meck und k\u00fcndigt an, seine Unternehmen schlie\u00dfen zu wollen. Am Ende k\u00e4mpft der Tuning-Star mit den Tr\u00e4nen.<\/p>\n<p>Abschied von JP Performance<\/p>\n<p class=\"AnnotatedMarkup_paragraph__IUT9l\">Er atmet tief durch, bevor er \u00fcberhaupt zu sprechen beginnt. Jean Pierre \u201eJP\u201c Kraemer sitzt im blauen Shirt seiner Firma vor der Kamera und k\u00fcndigt einen radikalen Schnitt an. Nach den Vorw\u00fcrfen h\u00e4uslicher Gewalt gegen seine Noch-Ehefrau Julia Meck will der 45-J\u00e4hrige offenbar nicht nur seine YouTube-Karriere beenden. Auch sein Firmenimperium soll Geschichte sein.<\/p>\n<p class=\"AnnotatedMarkup_paragraph__IUT9l\">In seinem neuen YouTube-Video mit dem Titel \u201eDanke!\u201c erkl\u00e4rt Kraemer, dies werde voraussichtlich sein letztes ver\u00f6ffentlichtes Video. Dann folgt die entscheidende Ank\u00fcndigung. \u201eIch m\u00f6chte euch mitteilen, dass ich die Firma JP Performance nicht weiterleiten werde.\u201c<\/p>\n<p class=\"AnnotatedMarkup_paragraph__IUT9l\">Lese-Tipp: <a href=\"https:\/\/www.rtl.de\/unterhaltung\/stars\/gewaltvorwuerfe-gegen-jp-kraemer-firmen-ziehen-konsequenzen-id31253291.html\" target=\"_self\" rel=\"nofollow noopener\">Nach schweren Vorw\u00fcrfen: Jetzt springen JP Kraemer die Partner ab<\/a><\/p>\n<p>JP Kraemer entschuldigt sich bei Ehefrau Julia<\/p>\n<p class=\"AnnotatedMarkup_paragraph__IUT9l\">Noch bevor Kraemer \u00fcber seine berufliche Zukunft spricht, richtet er pers\u00f6nliche Worte an seine Noch-Ehefrau. \u201eIch m\u00f6chte mich vorab bei allen Menschen entschuldigen, vor allem bei dir Julia, was ich dir angetan habe. Und wie ich dich verletzt habe. K\u00f6rperlich sowie menschlich.\u201c<\/p>\n<p class=\"AnnotatedMarkup_paragraph__IUT9l\">Hintergrund sind Vorw\u00fcrfe h\u00e4uslicher Gewalt gegen Julia Meck. Kraemer hatte zuvor selbst einger\u00e4umt, gegen\u00fcber seiner Frau gewaltt\u00e4tig geworden zu sein. Nun sagt der ehemalige \u201ePS-Profis\u201c-Star \u00fcber sich selbst: \u201eIch bin kein b\u00f6ser Mensch, ich bin glaube ich nicht ganz in Kontrolle immer.\u201c Er wolle keine Schadensbegrenzung betreiben. Er wolle sich einfach \u201everabschieden\u201d. Zu den einzelnen Geschehnissen wolle er sich in dem neuen Video nicht erneut ausf\u00fchrlich \u00e4u\u00dfern.<\/p>\n<p><img alt=\"JP Kraemer 2.png\" fetchpriority=\"auto\" loading=\"lazy\" width=\"940\" height=\"529\" decoding=\"async\" data-nimg=\"1\" class=\"Image_image__SdgLQ Picture_image__vGN9W\" style=\"color:transparent\"   src=\"https:\/\/www.europesays.com\/at\/wp-content\/uploads\/2026\/09\/jp-kraemer-2.webp\"\/><\/p>\n<p>Ein blaues Shirt, ein leerer Blick und lange Pausen \u2013 JP Kraemer erkl\u00e4rt in seinem YouTube-Video, dass er seine Karriere und Firmen aufgeben will. <\/p>\n<p>YouTube \/ JP Performance GmbH <\/p>\n<p class=\"AnnotatedMarkup_paragraph__IUT9l\">Lese-Tipp: <a href=\"https:\/\/www.rtl.de\/unterhaltung\/stars\/jp-kraemers-ehefrau-julia-meck-zeigt-ihre-verletzungen-arztbericht-dokumentiert-haematome-id31251124.html\" target=\"_self\" rel=\"nofollow noopener\">Fotos zeigen Verletzungen von JP Kraemers Ehefrau<\/a><\/p>\n<p>Anzeige:<\/p>\n<p>Empfehlungen unserer Partner<\/p>\n<p>\u201eIch kann nicht mehr\u201c \u2013 dann kommen ihm die Tr\u00e4nen<\/p>\n<p class=\"AnnotatedMarkup_paragraph__IUT9l\">Stattdessen spricht Kraemer dar\u00fcber, wie es f\u00fcr ihn weitergehen soll. \u201eIch kann nicht mehr. Ich bin einfach traurig, weil diese Reise vorbei ist und diese Geschichte vorbei ist\u201c, sagt der 45-J\u00e4hrige. Dabei bleibt es offenbar nicht beim R\u00fcckzug von YouTube. \u201eIch werde alle Unternehmungen schlie\u00dfen. Ich muss gucken, wie ich das alles geregelt bekomme\u201c, k\u00fcndigt Kraemer an. Auch, wie es mit den dazugeh\u00f6rigen Geb\u00e4uden weitergeht. \u00dcber Jahre hatte sich der Dortmunder rund um JP Performance ein gro\u00dfes Firmengeflecht aufgebaut. Schlie\u00dflich kann Kraemer seine Gef\u00fchle nicht mehr zur\u00fcckhalten. Er fasst sich ins Gesicht und weint. \u201eIch wei\u00df nicht, wie ich das alles hinkriege, aber ich kriege das irgendwie hin\u201c, sagt er mit br\u00fcchiger Stimme.<\/p>\n<p>Im Video: JP Kraemers Gewaltvideo bleibt nicht ohne Folgen <\/p>\n<p>02:36 min<\/p>\n<p>Gewalt gegen seine Frau<\/p>\n<p>JP Kraemers Gewaltvideo bleibt nicht ohne Folgen<\/p>\n<p>JP Kraemer bittet um Verzeihung<\/p>\n<p class=\"AnnotatedMarkup_paragraph__IUT9l\">Kraemer bedankt sich bei seinen Wegbegleitern und entschuldigt sich auch bei Menschen, die er verletzt habe. F\u00fcr ihn beginnt nach eigener Aussage nun eine Zeit, in der er sich verst\u00e4rkt um sich selbst k\u00fcmmern will. Sein Abschied endet mit wenigen Worten. \u201eSo endet das. \u00c4hm, so endet das\u201c, sagt Kraemer. Kurz darauf richtet er noch eine Bitte an seine Zuschauer: \u201eVielen Dank. Und wenn es irgendwo eine Chance gibt, mir zu verzeihen, dann bitte verzeiht mir.\u201c<\/p>\n<p class=\"AnnotatedMarkup_paragraph__IUT9l\">Verwendete Quellen: <a rel=\"noopener noreferrer nofollow\" href=\"https:\/\/www.youtube.com\/watch?v=VvppFkOU5-c\" target=\"_blank\">YouTube<\/a> <\/p>\n","protected":false},"excerpt":{"rendered":"Entschuldigung bei seiner Noch-EhefrauNach Gewaltvorw\u00fcrfen \u2013 JP Kraemer will Firmenimperium schlie\u00dfen JP Kraemer k\u00fcndigt nach den Gewaltvorw\u00fcrfen einen&hellip;\n","protected":false},"author":2,"featured_media":368910,"comment_status":"","ping_status":"","sticky":false,"template":"","format":"standard","meta":{"footnotes":"","_share_on_mastodon":"0"},"categories":[25],"tags":[90996,46,42,175,653,147,91603,91605,649,44,647,652,651,39,156,155,650,148,648],"class_list":["post-368909","post","type-post","status-publish","format-standard","has-post-thumbnail","category-serien","tag-ah-analytics","tag-at","tag-austria","tag-celebrities","tag-ems_unterhaltung_stars","tag-entertainment","tag-jp-kraemer","tag-julia-meck","tag-klatsch-und-tratsch","tag-oesterreich","tag-promi-news","tag-promi-news-aktuell","tag-promis","tag-schlagzeilen","tag-serien","tag-series","tag-star-news","tag-unterhaltung","tag-vip-news"],"share_on_mastodon":{"url":"https:\/\/pubeurope.com\/@at\/117196602432672875","error":""},"_links":{"self":[{"href":"https:\/\/www.europesays.com\/at\/wp-json\/wp\/v2\/posts\/368909","targetHints":{"allow":["GET"]}}],"collection":[{"href":"https:\/\/www.europesays.com\/at\/wp-json\/wp\/v2\/posts"}],"about":[{"href":"https:\/\/www.europesays.com\/at\/wp-json\/wp\/v2\/types\/post"}],"author":[{"embeddable":true,"href":"https:\/\/www.europesays.com\/at\/wp-json\/wp\/v2\/users\/2"}],"replies":[{"embeddable":true,"href":"https:\/\/www.europesays.com\/at\/wp-json\/wp\/v2\/comments?post=368909"}],"version-history":[{"count":0,"href":"https:\/\/www.europesays.com\/at\/wp-json\/wp\/v2\/posts\/368909\/revisions"}],"wp:featuredmedia":[{"embeddable":true,"href":"https:\/\/www.europesays.com\/at\/wp-json\/wp\/v2\/media\/368910"}],"wp:attachment":[{"href":"https:\/\/www.europesays.com\/at\/wp-json\/wp\/v2\/media?parent=368909"}],"wp:term":[{"taxonomy":"category","embeddable":true,"href":"https:\/\/www.europesays.com\/at\/wp-json\/wp\/v2\/categories?post=368909"},{"taxonomy":"post_tag","embeddable":true,"href":"https:\/\/www.europesays.com\/at\/wp-json\/wp\/v2\/tags?post=368909"}],"curies":[{"name":"wp","href":"https:\/\/api.w.org\/{rel}","templated":true}]}}