{"id":368937,"date":"2026-09-01T16:10:30","date_gmt":"2026-09-01T16:10:30","guid":{"rendered":"https:\/\/www.europesays.com\/at\/368937\/"},"modified":"2026-09-01T16:10:30","modified_gmt":"2026-09-01T16:10:30","slug":"universitaet-graz-erwirbt-nachlass-von-dzevad-karahasan-2","status":"publish","type":"post","link":"https:\/\/www.europesays.com\/at\/368937\/","title":{"rendered":"Universit\u00e4t Graz erwirbt Nachlass von Dzevad Karahasan"},"content":{"rendered":"<p>\u201eKarahasan war ein Schriftsteller von europ\u00e4ischem Rang\u201c, hie\u00df es \u00fcber den f\u00fcr sein Werk vielfach ausgezeichneten Bosnier, der ab 1986 an der Universit\u00e4t Sarajevo Literatur- und Theaterwissenschaft unterrichtete, 1993 aus der belagerten Stadt floh und ab 1997 als Stadtschreiber nach Graz kam, \u201ewo er bis zu seinem Tod die eine H\u00e4lfte des Jahres gelebt hat und fixer Bestandteil des literarischen Lebens der Stadt war\u201c. Der Ankauf des Nachlasses erfolgte \u201emit daf\u00fcr vorgesehenen Geldern aus dem Budget des Literaturhauses Graz\u201c.<\/p>\n","protected":false},"excerpt":{"rendered":"\u201eKarahasan war ein Schriftsteller von europ\u00e4ischem Rang\u201c, hie\u00df es \u00fcber den f\u00fcr sein Werk vielfach ausgezeichneten Bosnier, der&hellip;\n","protected":false},"author":2,"featured_media":368938,"comment_status":"","ping_status":"","sticky":false,"template":"","format":"standard","meta":{"footnotes":"","_share_on_mastodon":"0"},"categories":[29],"tags":[46,42,183,1132,2139,44,116,609],"class_list":["post-368937","post","type-post","status-publish","format-standard","has-post-thumbnail","category-graz","tag-at","tag-austria","tag-graz","tag-kultur","tag-literatur","tag-oesterreich","tag-steiermark","tag-universitaet"],"share_on_mastodon":{"url":"https:\/\/pubeurope.com\/@at\/117196660561975669","error":""},"_links":{"self":[{"href":"https:\/\/www.europesays.com\/at\/wp-json\/wp\/v2\/posts\/368937","targetHints":{"allow":["GET"]}}],"collection":[{"href":"https:\/\/www.europesays.com\/at\/wp-json\/wp\/v2\/posts"}],"about":[{"href":"https:\/\/www.europesays.com\/at\/wp-json\/wp\/v2\/types\/post"}],"author":[{"embeddable":true,"href":"https:\/\/www.europesays.com\/at\/wp-json\/wp\/v2\/users\/2"}],"replies":[{"embeddable":true,"href":"https:\/\/www.europesays.com\/at\/wp-json\/wp\/v2\/comments?post=368937"}],"version-history":[{"count":0,"href":"https:\/\/www.europesays.com\/at\/wp-json\/wp\/v2\/posts\/368937\/revisions"}],"wp:featuredmedia":[{"embeddable":true,"href":"https:\/\/www.europesays.com\/at\/wp-json\/wp\/v2\/media\/368938"}],"wp:attachment":[{"href":"https:\/\/www.europesays.com\/at\/wp-json\/wp\/v2\/media?parent=368937"}],"wp:term":[{"taxonomy":"category","embeddable":true,"href":"https:\/\/www.europesays.com\/at\/wp-json\/wp\/v2\/categories?post=368937"},{"taxonomy":"post_tag","embeddable":true,"href":"https:\/\/www.europesays.com\/at\/wp-json\/wp\/v2\/tags?post=368937"}],"curies":[{"name":"wp","href":"https:\/\/api.w.org\/{rel}","templated":true}]}}