{"id":368953,"date":"2026-09-01T16:21:12","date_gmt":"2026-09-01T16:21:12","guid":{"rendered":"https:\/\/www.europesays.com\/at\/368953\/"},"modified":"2026-09-01T16:21:12","modified_gmt":"2026-09-01T16:21:12","slug":"gewerkschaften-zu-pollman-sanierung-insolvenzentgeltfonds-sichert-die-einkommen-der-500-beschaeftigten","status":"publish","type":"post","link":"https:\/\/www.europesays.com\/at\/368953\/","title":{"rendered":"Gewerkschaften zu Pollman-Sanierung: Insolvenzentgeltfonds sichert die Einkommen der 500 Besch\u00e4ftigten"},"content":{"rendered":"<p>Wien (OTS) &#8211;\u00a0<\/p>\n<p>\u201eDer Insolvenzentgeltfonds sichert die L\u00f6hne und Geh\u00e4lter, wenn es zu Unternehmensinsolvenzen kommt. Er ist der sichere Anker f\u00fcr die Betroffenen, damit es in solchen F\u00e4llen nicht unmittelbar zu existenziellen Notlagen kommt. Das ist auch jetzt beim Sanierungsverfahren f\u00fcr die drei Gesellschaften der Pollmann-Gruppe so\u201c, sagen die beiden Gewerkschafter Reinhold Binder (PRO-GE) und Mario Ferrari (GPA). <\/p>\n<p>Die rund 500 betroffenen Mitarbeiterinnen und Mitarbeiter wurden daher heute in Betriebsversammlungen auch dar\u00fcber informiert, dass ihre Anspr\u00fcche durch den Fonds abgesichert sind. Die Gewerkschaften PRO-GE und GPA sowie die Arbeiterkammer werden den Besch\u00e4ftigten w\u00e4hrend des Sanierungsverfahrens zudem weitere rechtliche Beratung und Unterst\u00fctzung anbieten. <\/p>\n<p>Aber es herrsche Handlungsbedarf, sagen Binder und Ferrari, was die finanzielle Ausstattung des Fonds betreffe. Die aktuelle Unterfinanzierung des Insolvenzentgeltfonds sei dadurch entstanden, dass der IESG-Zuschlag f\u00fcr Arbeitgeber in den vergangenen Jahren massiv abgesenkt wurde. \u201eAngesichts der steigenden Zahl an Unternehmenspleiten ist der Fonds zunehmend unter Druck. Wir fordern daher die sofortige Anhebung Arbeitgeberbeitrags\u201c, sagen Binder und Ferrari.<\/p>\n<p>Gewerkschaft GPA &#8211; \u00d6ffentlichkeitsarbeit<br \/>Daniel G\u00fcrtler<br \/>Telefon: 05 0301-21 225 \/ Mobil: +43 676 817 111 225<br \/>E-Mail: <a href=\"http:\/\/www.ots.at\/cdn-cgi\/l\/email-protection#d7b3b6b9beb2bbf9b0a2b2a5a3bbb2a597b0a7b6f9b6a3\" rel=\"nofollow noopener\" target=\"_blank\">[email\u00a0protected]<\/a><br \/>Website: <a href=\"https:\/\/www.gpa.at\" target=\"_blank\" rel=\"nofollow noopener\">https:\/\/www.gpa.at<\/a><\/p>\n<p _ngcontent-ng-c2115416006=\"\"> OTS-ORIGINALTEXT PRESSEAUSSENDUNG UNTER AUSSCHLIESSLICHER<br \/>\nINHALTLICHER VERANTWORTUNG DES AUSSENDERS &#8211; WWW.OTS.AT | NGB<\/p>\n","protected":false},"excerpt":{"rendered":"Wien (OTS) &#8211;\u00a0 \u201eDer Insolvenzentgeltfonds sichert die L\u00f6hne und Geh\u00e4lter, wenn es zu Unternehmensinsolvenzen kommt. Er ist der&hellip;\n","protected":false},"author":2,"featured_media":368954,"comment_status":"","ping_status":"","sticky":false,"template":"","format":"standard","meta":{"footnotes":"","_share_on_mastodon":"0"},"categories":[14],"tags":[26393,26395,1870,46,42,41773,95,90,89,12456,5770,38896,16644,78683,91,94,44,26394,79084,93,92],"class_list":["post-368953","post","type-post","status-publish","format-standard","has-post-thumbnail","category-unternehmen-maerkte","tag-apa","tag-apa-ots","tag-arbeitsmarkt","tag-at","tag-austria","tag-binder","tag-business","tag-companies","tag-companies-markets","tag-ferrari","tag-gewerkschaften","tag-gpa","tag-insolvenzen","tag-insolvenzentgeltfonds","tag-markets","tag-maerkte","tag-oesterreich","tag-ots","tag-pro-ge","tag-unternehmen","tag-unternehmen-maerkte"],"share_on_mastodon":{"url":"https:\/\/pubeurope.com\/@at\/117196704158615475","error":""},"_links":{"self":[{"href":"https:\/\/www.europesays.com\/at\/wp-json\/wp\/v2\/posts\/368953","targetHints":{"allow":["GET"]}}],"collection":[{"href":"https:\/\/www.europesays.com\/at\/wp-json\/wp\/v2\/posts"}],"about":[{"href":"https:\/\/www.europesays.com\/at\/wp-json\/wp\/v2\/types\/post"}],"author":[{"embeddable":true,"href":"https:\/\/www.europesays.com\/at\/wp-json\/wp\/v2\/users\/2"}],"replies":[{"embeddable":true,"href":"https:\/\/www.europesays.com\/at\/wp-json\/wp\/v2\/comments?post=368953"}],"version-history":[{"count":0,"href":"https:\/\/www.europesays.com\/at\/wp-json\/wp\/v2\/posts\/368953\/revisions"}],"wp:featuredmedia":[{"embeddable":true,"href":"https:\/\/www.europesays.com\/at\/wp-json\/wp\/v2\/media\/368954"}],"wp:attachment":[{"href":"https:\/\/www.europesays.com\/at\/wp-json\/wp\/v2\/media?parent=368953"}],"wp:term":[{"taxonomy":"category","embeddable":true,"href":"https:\/\/www.europesays.com\/at\/wp-json\/wp\/v2\/categories?post=368953"},{"taxonomy":"post_tag","embeddable":true,"href":"https:\/\/www.europesays.com\/at\/wp-json\/wp\/v2\/tags?post=368953"}],"curies":[{"name":"wp","href":"https:\/\/api.w.org\/{rel}","templated":true}]}}