{"id":368973,"date":"2026-09-01T16:33:11","date_gmt":"2026-09-01T16:33:11","guid":{"rendered":"https:\/\/www.europesays.com\/at\/368973\/"},"modified":"2026-09-01T16:33:11","modified_gmt":"2026-09-01T16:33:11","slug":"heidi-klum-uebernimmt-rtl-und-diese-stars-feiern-beim-heidifest-mit-rtl-de","status":"publish","type":"post","link":"https:\/\/www.europesays.com\/at\/368973\/","title":{"rendered":"Heidi Klum \u00fcbernimmt RTL \u2013 und diese Stars feiern beim \u201eHeidiFest\u201c mit &#8211; RTL.de"},"content":{"rendered":"<p><a href=\"https:\/\/news.google.com\/rss\/articles\/CBMixAFBVV95cUxNMXg1UU9mX3c1NUlfTmRpOXFRUDRPdGlhTTRLaThKc2tTcmJieDkwZTNVNG1Qbm9hU3NEQ3JkN3hLTXhmcm1YOG9UNHM4TWRfRGVpdzZxSmZVaXRTZGtEclVMNjZmZC1SX1IzbVFselM2eENUVHZyWFppeldqUnZMOERfZFlPWHVPRS1uenZMcy03UFV3MEtIRnVqMW5fb052YUdBMEotY0J4M1NfMnVUT2RYMnY5UFZYeHMzRmdhTEk1X3R4?oc=5\" target=\"_blank\" rel=\"nofollow noopener\">Heidi Klum \u00fcbernimmt RTL \u2013 und diese Stars feiern beim \u201eHeidiFest\u201c mit<\/a>&nbsp;&nbsp;RTL.de<a href=\"https:\/\/news.google.com\/rss\/articles\/CBMiekFVX3lxTFBZbmwtMlhVOTJLUDVGdTRaejVpWE82UWdNYnM2RzlaX2kyNXJiT0RvWS1NX2stS2lxOXRzMDN4VHhYZWdjYVNMSHcybnBSNlR1OXhWeW9CVk14N0ZJQllFaGlHZnNQOENMY0gxWEJrb3ZBLS1Sc0VtWjR3?oc=5\" target=\"_blank\" rel=\"nofollow noopener\">Erste G\u00e4ste f\u00fcr das &#8222;HeidiFest&#8220;: Klum gibt Gas und will Spa\u00df<\/a>&nbsp;&nbsp;n-tv.de<a href=\"https:\/\/news.google.com\/rss\/articles\/CBMipwFBVV95cUxPcDNPLWdGWDhGbVRCeWFZRE42UjhMLVFBT2c0SzZtdUdWbHlSVndfNEhkeUZiaElxWFo1MUozM2YzT2k3aDVid2FqblpMcjBoRENDcEtGa0Z1U3FVdFFXYy16blZWY0NhRnFfRDlCX0ZUYWV4T29uUjdySnAzNHBYN3Jtb2NwOE5ReGxYYzJYMVlpOUpwaVJXQm9CdTdSMlJ4UEM4dWVrSQ?oc=5\" target=\"_blank\" rel=\"nofollow noopener\">SIE treten beim \u201eHeidiFest\u201c auf<\/a>&nbsp;&nbsp;RTL.de<a href=\"https:\/\/news.google.com\/rss\/articles\/CBMilgFBVV95cUxOYU80ZzRnQW5XWndpMXpOZ25BWFZNOEpVaHBrZGNwSDJVTmxmc3lYaWhWaU5kcnd5MmdVclp6RVdFRk13Ql91a1ZzMnBhM0JBNC1adlRRZUp1c2pDUzBncUZlc3p0SXVWVmFZNnZzTWZ0VGFScGxOMFZGWm1YaDA2Mms3LU56d0lyR2FrcGM4QS1GaVhLemc?oc=5\" target=\"_blank\" rel=\"nofollow noopener\">Die ersten Musik-Acts beim &#8222;HeidiFest&#8220; stehen fest<\/a>&nbsp;&nbsp;GMX.AT<a href=\"https:\/\/news.google.com\/rss\/articles\/CBMizwFBVV95cUxQTHlOczNqdS1XbE0zalM1SWtHS0VLcElvNVp1clJ6SU05M0tUQnprSkdYd2pfQXVsYTQ5ajdDQnB3a0N6RENFa2ZlX05DWlo0c2tIdlFyQTlnRFVpMFh2T09zWnpkS01tNnJTbmUtaWpkSi1EdUhkdEthVHF0Z2ZpWHpWUFpYYnNCZjZZRVZJcGJUTzJ1b1pkQm0tdGdvM1N4NExmTFNYdUNJLUlTUUUzN1IzT0tVXy05dm0yeVY0QVVzN3hlSk1FSmJSRklTamc?oc=5\" target=\"_blank\" rel=\"nofollow noopener\">Heidi Klum: Weltstar Vicky Leandros singt bei ihrem \u201eHeidiFest\u201c<\/a>&nbsp;&nbsp;BILD<\/p>\n","protected":false},"excerpt":{"rendered":"Heidi Klum \u00fcbernimmt RTL \u2013 und diese Stars feiern beim \u201eHeidiFest\u201c mit&nbsp;&nbsp;RTL.deErste G\u00e4ste f\u00fcr das &#8222;HeidiFest&#8220;: Klum gibt&hellip;\n","protected":false},"author":2,"featured_media":368974,"comment_status":"","ping_status":"","sticky":false,"template":"","format":"standard","meta":{"footnotes":"","_share_on_mastodon":"0"},"categories":[25],"tags":[46,42,175,653,147,92627,280,2301,83354,28548,649,92628,44,647,652,651,39,156,155,650,148,46726,648],"class_list":["post-368973","post","type-post","status-publish","format-standard","has-post-thumbnail","category-serien","tag-at","tag-austria","tag-celebrities","tag-ems_unterhaltung_stars","tag-entertainment","tag-exclusiv-776","tag-frauke-ludowig","tag-heidi-klum","tag-heidifest","tag-katja-ebstein","tag-klatsch-und-tratsch","tag-markus-moerl","tag-oesterreich","tag-promi-news","tag-promi-news-aktuell","tag-promis","tag-schlagzeilen","tag-serien","tag-series","tag-star-news","tag-unterhaltung","tag-vicky-leandros","tag-vip-news"],"share_on_mastodon":{"url":"https:\/\/pubeurope.com\/@at\/117196751398506060","error":""},"_links":{"self":[{"href":"https:\/\/www.europesays.com\/at\/wp-json\/wp\/v2\/posts\/368973","targetHints":{"allow":["GET"]}}],"collection":[{"href":"https:\/\/www.europesays.com\/at\/wp-json\/wp\/v2\/posts"}],"about":[{"href":"https:\/\/www.europesays.com\/at\/wp-json\/wp\/v2\/types\/post"}],"author":[{"embeddable":true,"href":"https:\/\/www.europesays.com\/at\/wp-json\/wp\/v2\/users\/2"}],"replies":[{"embeddable":true,"href":"https:\/\/www.europesays.com\/at\/wp-json\/wp\/v2\/comments?post=368973"}],"version-history":[{"count":0,"href":"https:\/\/www.europesays.com\/at\/wp-json\/wp\/v2\/posts\/368973\/revisions"}],"wp:featuredmedia":[{"embeddable":true,"href":"https:\/\/www.europesays.com\/at\/wp-json\/wp\/v2\/media\/368974"}],"wp:attachment":[{"href":"https:\/\/www.europesays.com\/at\/wp-json\/wp\/v2\/media?parent=368973"}],"wp:term":[{"taxonomy":"category","embeddable":true,"href":"https:\/\/www.europesays.com\/at\/wp-json\/wp\/v2\/categories?post=368973"},{"taxonomy":"post_tag","embeddable":true,"href":"https:\/\/www.europesays.com\/at\/wp-json\/wp\/v2\/tags?post=368973"}],"curies":[{"name":"wp","href":"https:\/\/api.w.org\/{rel}","templated":true}]}}